{"id":60645,"date":"2025-03-21T11:18:41","date_gmt":"2025-03-21T10:18:41","guid":{"rendered":"https:\/\/speyer24news.com\/?p=60645"},"modified":"2025-03-21T11:18:42","modified_gmt":"2025-03-21T10:18:42","slug":"speyer-stadtnotizen-verkehrsnotizen-2","status":"publish","type":"post","link":"https:\/\/speyer24news.com\/?p=60645","title":{"rendered":"Speyer Stadtnotizen &#038; Verkehrsnotizen"},"content":{"rendered":"<style type=\"text\/css\">\r\n\t.ads_top_disp{}\r\n\t.ads_top_corner_disp{ float:left; margin:0px 10px 10px 0px; }\r\n\t.ads_first_p_disp{}\r\n\t.ads_bottom_disp{}\r\n\t<\/style>\n<h2 class=\"wp-block-heading\">Festplatz wegen Markierungsarbeiten und Durchf\u00fchrung der Fr\u00fchjahrsmesse gesperrt<\/h2>\n\n\n<div class=\"wp-block-image\">\n<figure class=\"aligncenter size-full\"><img decoding=\"async\" loading=\"lazy\" width=\"800\" height=\"602\" src=\"https:\/\/speyer24news.com\/wp-content\/uploads\/2023\/10\/Herbstmesse-23-PK-4.jpg\" alt=\"\" class=\"wp-image-55136\" srcset=\"https:\/\/speyer24news.com\/wp-content\/uploads\/2023\/10\/Herbstmesse-23-PK-4.jpg 800w, https:\/\/speyer24news.com\/wp-content\/uploads\/2023\/10\/Herbstmesse-23-PK-4-300x226.jpg 300w, https:\/\/speyer24news.com\/wp-content\/uploads\/2023\/10\/Herbstmesse-23-PK-4-768x578.jpg 768w, https:\/\/speyer24news.com\/wp-content\/uploads\/2023\/10\/Herbstmesse-23-PK-4-678x509.jpg 678w, https:\/\/speyer24news.com\/wp-content\/uploads\/2023\/10\/Herbstmesse-23-PK-4-326x245.jpg 326w, https:\/\/speyer24news.com\/wp-content\/uploads\/2023\/10\/Herbstmesse-23-PK-4-80x60.jpg 80w\" sizes=\"(max-width: 800px) 100vw, 800px\" \/><\/figure><\/div>\n\n\n<p>Am <strong>Mittwoch, 26. M\u00e4rz, und voraussichtlich Donnerstag, 27. M\u00e4rz 2025<\/strong>, kann der Festplatz nicht als Parkfl\u00e4che genutzt werden. Um die Stellfl\u00e4chen f\u00fcr die Schaustellerbetriebe der Fr\u00fchjahrsmesse 2025 aufzuzeichnen, ist eine Sperrung notwendig.<\/p>\n\n\n\n<p>Im Zuge der Stellfl\u00e4chenaufzeichnung wird die erforderliche Sperrung auch daf\u00fcr genutzt, die Parkfl\u00e4chenmarkierungen auf dem Festplatz zu erneuern. Nach Beendigung der Arbeiten wird die Sperrung aufgehoben.<\/p>\n\n\n\n<p>Von <strong>Montag, 31. M\u00e4rz, bis einschlie\u00dflich Mittwoch, 23. April 2025<\/strong>, wird der Parkplatz Festplatz wegen des Aufbaus, der Durchf\u00fchrung und des Abbaus der Fr\u00fchjahrsmesse gesperrt.<\/p>\n\n\n\n<p>Parkplatzsuchende erhalten \u00fcber das Parkleitsystem die notwendigen Informationen und werden zu den ausgewiesenen Besucherparkpl\u00e4tzen gef\u00fchrt.<\/p>\n\n\n\n<p>Als Besucherparkpl\u00e4tze stehen der Parkplatz am Naturfreundehaus, der Parkplatz am Technik Museum und das Parkgel\u00e4nde am Bademaxx mit insgesamt \u00fcber 2.000 Stellfl\u00e4chen zur Verf\u00fcgung. Als Parkplatz f\u00fcr Inhaber*innen von Monats- und Jahresparkscheinen steht der Parkplatz Naturfreundehaus zur Verf\u00fcgung.<\/p>\n\n\n\n<h4 class=\"wp-block-heading\">Hinweis f\u00fcr Fahrradfahrer*innen<\/h4>\n\n\n\n<p>F\u00fcr den Fahrradverkehr wird ein Zweirad-Parkplatz im westlichen Bereich des Festplatzes ausgewiesen. Dieser kann \u00fcber die Unterf\u00fchrung im Bereich der Karl-Leiling-Allee erreicht werden. Die Stadtverwaltung Speyer bittet Fahrradfahrer*innen, ihre Zweir\u00e4der auf diesem Zweirad-Parkplatz und nicht im Bereich der Klipfelsau\/Treppenaufg\u00e4nge (Notausg\u00e4nge) abzustellen.<\/p>\n\n\n\n<h4 class=\"wp-block-heading\">Hinweis f\u00fcr Menschen im Rollstuhl und schwerstbehinderte Menschen<\/h4>\n\n\n\n<p>Auf dem Parkplatz Naturfreundehaus stehen vier reservierte Parkpl\u00e4tze zur Verf\u00fcgung, die mit einem entsprechenden blauen Schwerbehinderten-Parkausweis in unmittelbarer N\u00e4he zur Veranstaltung genutzt werden k\u00f6nnen.<\/p>\n\n\n\n<p><em>Text: Stadtverwaltung Speyer Foto: Speyer 24 NEWS<br>19.03.2025<\/em><\/p>\n\n\n\n<h2 class=\"wp-block-heading\">R\u00e4umungs\u00fcbung im Rahmen der Fr\u00fchjahrsmesse 2025: Statistinnen und Statisten gesucht<\/h2>\n\n\n<div class=\"wp-block-image\">\n<figure class=\"aligncenter size-full\"><img decoding=\"async\" loading=\"lazy\" width=\"800\" height=\"453\" src=\"https:\/\/speyer24news.com\/wp-content\/uploads\/2025\/03\/Raeumungsuebung.jpg\" alt=\"\" class=\"wp-image-60646\" srcset=\"https:\/\/speyer24news.com\/wp-content\/uploads\/2025\/03\/Raeumungsuebung.jpg 800w, https:\/\/speyer24news.com\/wp-content\/uploads\/2025\/03\/Raeumungsuebung-300x170.jpg 300w, https:\/\/speyer24news.com\/wp-content\/uploads\/2025\/03\/Raeumungsuebung-768x435.jpg 768w\" sizes=\"(max-width: 800px) 100vw, 800px\" \/><\/figure><\/div>\n\n\n<p>Im Rahmen der Fr\u00fchjahrsmesse 2025 auf dem Festplatz in Speyer wird der Brand- und Katastrophenschutz der Stadt Speyer am <strong>Dienstag, 8. April 2025<\/strong>, erstmalig eine R\u00e4umungs\u00fcbung durchf\u00fchren. \u00a0\u00a0\u00a0\u00a0\u00a0\u00a0\u00a0<br>Hierf\u00fcr wird die Teilnahme von Statist*innen ab 18 Jahren ben\u00f6tigt, damit die Gro\u00df\u00fcbung unter m\u00f6glichst realistischen Bedingungen erprobt werden kann. \u00a0\u00a0<br>Alle \u00dcbungsteilnehmenden k\u00f6nnen in dieser Zeit kostenfrei die Fahrgesch\u00e4fte nutzen und erhalten \u00fcberdies nach \u00dcbungsende eine verg\u00fcnstige Bratwurst auf dem Festgel\u00e4nde.<\/p>\n\n\n\n<p>\u201eEine \u00dcbung dieser Art ist in Speyer erstmalig. Mit der Durchf\u00fchrung einer solchen Gro\u00df\u00fcbung wollen wir das Bewusstsein f\u00fcr die Bedeutsamkeit von Sicherheit bei Gro\u00dfveranstaltungen st\u00e4rken, \u00fcber die Sicherheitsvorkehrungen informieren und zudem die Veranstaltungsleitung sowie den Koordinationskreis auf zuk\u00fcnftige m\u00f6gliche Herausforderungen vorbereiten.<br>Mit Ihrer Teilnahme als Statistin oder Statist k\u00f6nnen Sie also einen wichtigen Beitrag zu den Themen Veranstaltungssicherheit sowie Brand- und Katastrophenschutz in Speyer leisten \u2013 und spannend ist diese au\u00dfergew\u00f6hnliche Erfahrung zudem allemal\u201c, motiviert Oberb\u00fcrgermeisterin Stefanie Seiler die B\u00fcrger*innen zur Teilnahme an der \u00dcbung.<\/p>\n\n\n\n<p><strong>Wer vollj\u00e4hrig und sowohl\u00a0geistig als auch k\u00f6rperlich in der Lage ist, an derR\u00e4umungs\u00fcbung mitzuwirken, kann sich unter\u00a0<\/strong><a href=\"https:\/\/deref-web.de\/mail\/client\/s2EdXygldsc\/dereferrer\/?redirectUrl=http%3A%2F%2Fwww.bks-portal.rlp.de\" target=\"_blank\" rel=\"noreferrer noopener\">www.bks-portal.rlp.de<\/a><strong>\u00a0anmelden. Der direkte Link zum Anmeldeformular ist unter\u00a0<\/strong><a href=\"https:\/\/deref-web.de\/mail\/client\/_ixPvYKju8g\/dereferrer\/?redirectUrl=http%3A%2F%2Fwww.speyer.de%2Fr%C3%A4umungs%C3%BCbung\" target=\"_blank\" rel=\"noreferrer noopener\">www.speyer.de\/r\u00e4umungs\u00fcbung<\/a><strong>\u00a0abrufbar. \u00a0\u00a0\u00a0\u00a0\u00a0\u00a0\u00a0\u00a0\u00a0\u00a0<br>Auch Menschen mit Beeintr\u00e4chtigung sind herzlich zur Teilnahme eingeladen, m\u00f6glichst in Begleitung von Betreuungspersonen.<\/strong><br><strong>Minderj\u00e4hrige d\u00fcrfen nur in Begleitung eine*r Erwachsenen, die*der zur Aus\u00fcbung der Aufsichtspflicht berichtigt ist, teilnehmen.<\/strong><\/p>\n\n\n\n<p>Das Festgel\u00e4nde der Fr\u00fchjahrsmesse \u00f6ffnet am 8. April 2025 bereits um 10.30 Uhr. Bis dahin sollten sich die Statist*innen auf dem Festplatz eingefunden haben und k\u00f6nnen sich fortan frei auf dem Gel\u00e4nde bewegen. Bis 12 Uhr haben die Teilnehmenden die M\u00f6glichkeit, die Fahrgesch\u00e4fte kostenfrei zu nutzen. Im Verlauf der \u00dcbung&nbsp;wird ein R\u00e4umungsalarm f\u00fcr das Veranstaltungsgel\u00e4nde ausgel\u00f6st und den damit verbundenen Anweisungen ist Folge zu leisten.<\/p>\n\n\n\n<p>Als kleines Dankesch\u00f6n f\u00fcr die Unterst\u00fctzung erhalten die Statist*innen nach der \u00dcbung zwischen 12 und 13 Uhr eine verg\u00fcnstigte Bratwurst im Biergarten der Firma Barth.<\/p>\n\n\n\n<p>Die Stadtverwaltung weist darauf hin, dass w\u00e4hrend der Veranstaltung zu Dokumentationszwecken sowie im Rahmen der \u00d6ffentlichkeitsarbeit Foto- und Videoaufnahmen angefertigt werden.<\/p>\n\n\n\n<p>Fragen k\u00f6nnen per E-Mail an\u00a0<a href=\"mailto:fruehjahrsmesse@feuerwehr-speyer.org\">fruehjahrsmesse@feuerwehr-speyer.org<\/a>\u00a0gerichtet werden.<\/p>\n\n\n\n<p><em>Stadtverwaltung Speyer<br>19.03.2025<\/em><\/p>\n\n\n\n<h2 class=\"wp-block-heading\">Brunnen und Wasserzapfstellen auf Speyerer Friedhof n\u00e4chste Woche fr\u00fchjahrsfit<\/h2>\n\n\n<div class=\"wp-block-image\">\n<figure class=\"aligncenter size-full\"><img decoding=\"async\" loading=\"lazy\" width=\"800\" height=\"593\" src=\"https:\/\/speyer24news.com\/wp-content\/uploads\/2023\/11\/Wasser-Brunnen-Friedhof.jpg\" alt=\"\" class=\"wp-image-56097\" srcset=\"https:\/\/speyer24news.com\/wp-content\/uploads\/2023\/11\/Wasser-Brunnen-Friedhof.jpg 800w, https:\/\/speyer24news.com\/wp-content\/uploads\/2023\/11\/Wasser-Brunnen-Friedhof-300x222.jpg 300w, https:\/\/speyer24news.com\/wp-content\/uploads\/2023\/11\/Wasser-Brunnen-Friedhof-768x569.jpg 768w, https:\/\/speyer24news.com\/wp-content\/uploads\/2023\/11\/Wasser-Brunnen-Friedhof-80x60.jpg 80w\" sizes=\"(max-width: 800px) 100vw, 800px\" \/><\/figure><\/div>\n\n\n<p>Mit Beginn des Fr\u00fchlings werden ab kommender Woche alle rund 60 Brunnen und Wasserzapfstellen auf dem Speyerer Friedhof wieder gef\u00fcllt und stehen sodann zum Wasserholen bereit.<\/p>\n\n\n\n<p>Auch ein gro\u00dfes Kontingent an st\u00e4dtischen Gie\u00dfkannen ist f\u00fcr die vor\u00fcbergehende Nutzung aller Grabpflegenden verf\u00fcgbar.<\/p>\n\n\n\n<p>Die Stadtverwaltung weist auch in diesem Jahr ausdr\u00fccklich darauf hin, dass die Gie\u00dfkannen nicht f\u00fcr den privaten Gebrauch entwendet werden d\u00fcrfen. Au\u00dferdem sollten sie nicht stehen gelassen oder versteckt, sondern an die in erreichbarer N\u00e4he zu den Gr\u00e4bern aufgestellten H\u00e4ngest\u00e4nder zur\u00fcckgebracht werden.<\/p>\n\n\n\n<p><em>Stadtverwaltung Speyer<br>18.03.2025<\/em><\/p>\n\n\n\n<h2 class=\"wp-block-heading\">Neue Spielpunkte in der Speyerer Innenstadt<\/h2>\n\n\n\n<figure class=\"wp-block-image size-full\"><img decoding=\"async\" loading=\"lazy\" width=\"800\" height=\"534\" src=\"https:\/\/speyer24news.com\/wp-content\/uploads\/2025\/03\/Spielgeraete-Innenstadt.jpg\" alt=\"\" class=\"wp-image-60647\" srcset=\"https:\/\/speyer24news.com\/wp-content\/uploads\/2025\/03\/Spielgeraete-Innenstadt.jpg 800w, https:\/\/speyer24news.com\/wp-content\/uploads\/2025\/03\/Spielgeraete-Innenstadt-300x200.jpg 300w, https:\/\/speyer24news.com\/wp-content\/uploads\/2025\/03\/Spielgeraete-Innenstadt-768x513.jpg 768w\" sizes=\"(max-width: 800px) 100vw, 800px\" \/><\/figure>\n\n\n\n<p>Im Rahmen des F\u00f6rderprogramms \u201eInnenstadtimpulse\u201c des Landes Rheinland-Pfalz wird der abschlie\u00dfende Impuls des Programmschwerpunkts \u201eFamilien und Kinder in die Stadt\u201c umgesetzt. Nachdem die Wasserinstallation und der Sandkasten auf dem Geschirrpl\u00e4tzl im vergangenen Jahr bei den jungen B\u00fcrger*innen gro\u00dfen Anklang fanden, wird durch das F\u00f6rderprogramm erneut die Gelegenheit genutzt, die Innenstadt f\u00fcr Familien mit Kindern weiter zu bereichern.<\/p>\n\n\n\n<p>\u201eMit der Umsetzung mehrerer Spielpunkte setzt die Stadt Speyer weiterhin auf eine Verbesserung der Aufenthaltsqualit\u00e4t in der Innenstadt. Besonders f\u00fcr die jungen Speyererinnen und Speyerer bieten die unterschiedlichen Spielpunkte kreative M\u00f6glichkeiten zum Spielen, Lernen und Austoben\u201c, betont Oberb\u00fcrgermeisterin Stefanie Seiler.<\/p>\n\n\n<div class=\"wp-block-image\">\n<figure class=\"aligncenter size-full\"><img decoding=\"async\" loading=\"lazy\" width=\"800\" height=\"649\" src=\"https:\/\/speyer24news.com\/wp-content\/uploads\/2025\/03\/Merk-dir-was-c-Stadt-Speyer.jpg\" alt=\"\" class=\"wp-image-60648\" srcset=\"https:\/\/speyer24news.com\/wp-content\/uploads\/2025\/03\/Merk-dir-was-c-Stadt-Speyer.jpg 800w, https:\/\/speyer24news.com\/wp-content\/uploads\/2025\/03\/Merk-dir-was-c-Stadt-Speyer-300x243.jpg 300w, https:\/\/speyer24news.com\/wp-content\/uploads\/2025\/03\/Merk-dir-was-c-Stadt-Speyer-768x623.jpg 768w\" sizes=\"(max-width: 800px) 100vw, 800px\" \/><\/figure><\/div>\n\n\n<p>Die Umsetzung der Spielpunkte startete bereits in der vergangenen Woche mit der Installation des Spielpunktes \u201eMerk dir was\u201c auf dem Geschirrpl\u00e4tzl. Hierbei k\u00f6nnen nicht nur Kinder ihr Erinnerungsverm\u00f6gen mit einem Tiermemory auf die Probe stellen.<\/p>\n\n\n\n<p>Im Laufe des Montags, 17. M\u00e4rz 2025, kamen weitere Spielpunkte auf der Maximilianstra\u00dfe hinzu. So wurde vor der Alten M\u00fcnze ein Fernrohr installiert, am Altp\u00f6rtel kann ab sofort ein beidseitig bespielbares \u201eTic-Tac-Toe\u201c-Spiel genutzt werden.<\/p>\n\n\n\n<p>Die \u201eInnenstadtimpulse\u201c werden durch einen weiteren Spielpunkt erg\u00e4nzt, welcher im Zuge der Platzaufwertung des Math\u00e4us-Hotz-Platzes zu einem sp\u00e4teren Zeitpunkt realisiert wird.<\/p>\n\n\n\n<p><em>Text: Stadtverwaltung Speyer Foto: \u00a9 Stadt Speyer<br>17.03.202<\/em>5<\/p>\n\n\n\n<h2 class=\"wp-block-heading\">\u201eBusiness-Brezel\u201c geht in die dritte Runde \u2013 Netzwerken f\u00fcr KMU und Solo-Selbstst\u00e4ndige am 25. M\u00e4rz<\/h2>\n\n\n\n<p>Nach zwei erfolgreichen Veranstaltungen laden die Wirtschaftsf\u00f6rderung Speyer und die GoodSpaces GmbH erneut zur Netzwerkveranstaltung \u201eBusiness-Brezel\u201c ein. Am Donnerstag, 25. M\u00e4rz 2025, um 18.30 Uhr, treffen sich Unternehmer*innen und Selbstst\u00e4ndige aus der Region in den R\u00e4umlichkeiten des Kaufladens Speyer (Gro\u00dfe Greifengasse 1), um sich auszutauschen, wertvolle Kontakte zu kn\u00fcpfen und neue Impulse f\u00fcr ihre gesch\u00e4ftliche Entwicklung zu erhalten.<\/p>\n\n\n\n<p>Mit der \u201eBusiness-Brezel\u201c haben die Wirtschaftsf\u00f6rderung Speyer und die GoodSpaces GmbH eine Plattform etabliert, die speziell auf die Bed\u00fcrfnisse kleiner und mittlerer Unternehmen (KMU) sowie Solo-Selbstst\u00e4ndiger ausgerichtet ist. Ziel ist es, Wissenstransfer zu f\u00f6rdern, Synergien zu schaffen und die Wirtschaft in Speyer weiter zu st\u00e4rken.<\/p>\n\n\n\n<p>Im Fokus der kommenden Veranstaltung stehen wechselnde inhaltliche Impulse aus den Reihen der Teilnehmenden, diesmal insbesondere zu solidarischen Wirtschaftsmodellen sowie Stressmanagement. Die Veranstaltung bietet eine Kombination aus fachlichen Einblicken und einem offenen Austausch in entspannter Atmosph\u00e4re. Gastgeberin ist der Kaufladen Speyer, die ihre R\u00e4umlichkeiten in der Gro\u00dfen Greifengasse 1 f\u00fcr das Netzwerktreffen zur Verf\u00fcgung stellen.<\/p>\n\n\n\n<p>Geplant ist, dass die \u201eBusiness-Brezel\u201c-Reihe auch in Zukunft regelm\u00e4\u00dfig stattfindet. Vertreter*innen verschiedener Branchen werden Einblicke in ihre Arbeitsweisen geben, Herausforderungen diskutieren und L\u00f6sungsans\u00e4tze pr\u00e4sentieren.<\/p>\n\n\n\n<p>Interessierte Unternehmen k\u00f6nnen sich auf\u00a0<a href=\"https:\/\/deref-web.de\/mail\/client\/-EQYDr1qHv0\/dereferrer\/?redirectUrl=http%3A%2F%2Fwww.speyer.de%2Fbusiness-brezel\" target=\"_blank\" rel=\"noreferrer noopener\">www.speyer.de\/business-brezel<\/a>\u00a0oder per E-Mail an <a href=\"mailto:wirtschaftsfoerderung@stadt-speyer.de\">wirtschaftsfoerderung@stadt-speyer.de<\/a> anmelden. Da die Teilnehmendenzahl auf 30 Personen begrenzt ist, wird eine fr\u00fchzeitige Anmeldung empfohlen.<\/p>\n\n\n\n<p>F\u00fcr R\u00fcckfragen zur Veranstaltungsreihe steht die Wirtschaftsf\u00f6rderung Speyer gerne zur Verf\u00fcgung.<\/p>\n\n\n\n<p><em>Stadtverwaltung Speyer<br>14.03.2025<\/em><\/p>\n\n\n\n<h2 class=\"wp-block-heading\">Erster landesweiter Warntag: Bilanz der Stadt Speyer<\/h2>\n\n\n<div class=\"wp-block-image\">\n<figure class=\"aligncenter size-full\"><img decoding=\"async\" loading=\"lazy\" width=\"640\" height=\"480\" src=\"https:\/\/speyer24news.com\/wp-content\/uploads\/2021\/02\/Sirene.jpg\" alt=\"\" class=\"wp-image-32858\" srcset=\"https:\/\/speyer24news.com\/wp-content\/uploads\/2021\/02\/Sirene.jpg 640w, https:\/\/speyer24news.com\/wp-content\/uploads\/2021\/02\/Sirene-300x225.jpg 300w, https:\/\/speyer24news.com\/wp-content\/uploads\/2021\/02\/Sirene-326x245.jpg 326w, https:\/\/speyer24news.com\/wp-content\/uploads\/2021\/02\/Sirene-80x60.jpg 80w\" sizes=\"(max-width: 640px) 100vw, 640px\" \/><\/figure><\/div>\n\n\n<p>Zum ersten Mal wurde in Rheinland-Pfalz ein landesweiter Warntag durchgef\u00fchrt. Zu diesem Zweck l\u00f6ste das Landesamt f\u00fcr Brand- und Katastrophenschutz am Donnerstag, 13. M\u00e4rz 2025, den sogenannten Warnmittel-Mix aus, zu dem Warn-Apps, Cell Broadcast, sowie Durchsagen \u00fcber den Rundfunk z\u00e4hlen. Weitere Systeme k\u00f6nnen k\u00fcnftig hinzukommen, wie digitale Anzeigen an Bahnh\u00f6fen und Bushaltestellen.<\/p>\n\n\n\n<p>Auch die Stadt Speyer beteiligte sich mit ihren kommunalen Sicherheitseinrichtungen am landesweiten Warntag. Dazu wurden 27 station\u00e4re Sirenen im ganzen Stadtgebiet ausgel\u00f6st. Au\u00dferdem kamen zwei mobile Ger\u00e4te zum Einsatz, mit denen zus\u00e4tzlich Durchsagen erfolgen k\u00f6nnen. &nbsp;&nbsp;&nbsp;&nbsp;&nbsp;&nbsp;&nbsp;<\/p>\n\n\n\n<p>Zwei gro\u00dfe St\u00f6rfallbetriebe, die \u00fcber werkseigene Sirenen verf\u00fcgen, haben sich ebenfalls am Warntag beteiligt.<\/p>\n\n\n\n<p>Oberb\u00fcrgermeisterin Stefanie Seiler lobte das Engagement aller Beteiligten: \u201eDie \u00dcberpr\u00fcfung der Systeme zur Warnung der Bev\u00f6lkerung ist ein wichtiger Baustein unseres Katastrophenschutzes. Ich freue mich, dass so viele Menschen sich darum k\u00fcmmern, dass wir in Speyer zuverl\u00e4ssig gewarnt werden k\u00f6nnen, sollte es einmal zu einem gr\u00f6\u00dferen Schadensereignis kommen. Mein besonderer Dank gilt allen, die uns heute am Warntag unterst\u00fctzt haben. Das sind die Kolleginnen und Kollegen des Brand- und Katastrophenschutzes samt unserer Sirenenbeobachterinnen und -beobachter, der Kommunale Vollzugsdienst, der sich um die mobilen Warnungen gek\u00fcmmert hat, ebenso wie die Firmen Thor und Haltermann Carless, die sich am Warntag beteiligt haben.\u201c<\/p>\n\n\n\n<p>Brand- und Katastrophenschutzinspekteur Peter Eymann zieht eine insgesamt positive Bilanz: \u201eWiederholt konnten wir unsere Warnsysteme auf den Pr\u00fcfstein stellen. S\u00e4mtliche kommunalen Einrichtungen haben dabei einwandfrei funktioniert. Auch die Zusammenarbeit und Absprachen mit der Ordnungsbeh\u00f6rde und den St\u00f6rfallbetrieben verlief hervorragend. Gleichzeitig wollen wir von unserer Seite bei diesem Aktionstag in Zukunft noch besser werden. Deshalb befinden sich aktuell weitere vier Sirenen in Vorbereitung, sodass unsere Warnsysteme schon bald noch weiter ausgebaut sein werden\u201c, erkl\u00e4rt Peter Eymann.<\/p>\n\n\n\n<p>Oberb\u00fcrgermeisterin Stefanie Seiler erg\u00e4nzt: \u201eDass die Warn-App Katwarn heute landesweit nicht ausgel\u00f6st hat, zeigt, wie wichtig es ist, auf den Warnmittel-Mix zu setzen. Nur so k\u00f6nnen alle B\u00fcrgerinnen und B\u00fcrger im Notfall gewarnt werden \u2013 auf mindestens einem Weg.\u201c<\/p>\n\n\n\n<p><em>Stadtverwaltung Speyer<br>13.03.2025<\/em><\/p>\n\n\n\n<h2 class=\"wp-block-heading\">Earth Hour 2025 \u2013 Gemeinsam ein starkes Zeichen f\u00fcr den Klimaschutz setzen<\/h2>\n\n\n<div class=\"wp-block-image\">\n<figure class=\"aligncenter size-full\"><img decoding=\"async\" loading=\"lazy\" width=\"800\" height=\"469\" src=\"https:\/\/speyer24news.com\/wp-content\/uploads\/2025\/03\/Earth-Hour-2025.jpg\" alt=\"\" class=\"wp-image-60649\" srcset=\"https:\/\/speyer24news.com\/wp-content\/uploads\/2025\/03\/Earth-Hour-2025.jpg 800w, https:\/\/speyer24news.com\/wp-content\/uploads\/2025\/03\/Earth-Hour-2025-300x176.jpg 300w, https:\/\/speyer24news.com\/wp-content\/uploads\/2025\/03\/Earth-Hour-2025-768x450.jpg 768w\" sizes=\"(max-width: 800px) 100vw, 800px\" \/><figcaption class=\"wp-element-caption\">Earth Hour 2025 @WWF<\/figcaption><\/figure><\/div>\n\n\n<p>Weltweit und auch in Speyer werden am Samstag, 22. M\u00e4rz 2025, um 20.30 Uhr symbolisch eine Stunde lang die Lichter ausgeschaltet \u2013 als Zeichen f\u00fcr einen zukunftsf\u00e4higen Planeten und der Forderung, mehr Anstrengungen im Klimaschutz zu unternehmen.<\/p>\n\n\n\n<p>\u201eAuch in diesem Jahr ist die Stadt Speyer wieder dabei, um gemeinsam ein Zeichen f\u00fcr den Umweltschutz zu setzen. Jeder noch so kleine Schritt z\u00e4hlt. In dieser Stunde m\u00f6chten wir das Bewusstsein f\u00fcr Energieverbrauch und Klimaschutz sch\u00e4rfen. Wir laden alle ein, sich uns anzuschlie\u00dfen \u2013 sowohl Privatpersonen als auch Unternehmen \u2013 und ein starkes Zeichen f\u00fcr unseren Planeten zu setzen\u201c, betont Oberb\u00fcrgermeisterin Stefanie Seiler.<\/p>\n\n\n\n<p>Traditionellerweise schalten St\u00e4dte in dieser Stunde die Lichter an \u00f6ffentlichen Geb\u00e4uden oder Denkm\u00e4lern aus.&nbsp;Auch in Speyer werden zur Earth Hour 2025 bekannte Wahrzeichen wie der Wartturm, das Rathaus, das historische Museum, der Wasserturm, die Alte M\u00fcnz und das Altp\u00f6rtel f\u00fcr eine Stunde in Dunkelheit geh\u00fcllt. Ebenso wird die Au\u00dfenbeleuchtung des Speyerer Doms, der Dreifaltigkeitskirche, der Josephskirche und der&nbsp;Ged\u00e4chtniskirche&nbsp;w\u00e4hrend dieser Stunde abgeschaltet.<\/p>\n\n\n\n<p>\u201eDie Earth Hour ist eine Gelegenheit, innezuhalten und die Bedeutung von Energieverbrauch und Klimaschutz zu reflektieren. Wir laden alle B\u00fcrgerinnen und B\u00fcrger ein, an diesem Samstagabend mit uns zusammen das Licht f\u00fcr eine Stunde auszuschalten \u2013 damit wir als Gemeinschaft ein Zeichen f\u00fcr unseren Planeten setzen\u201c, so Beigeordnete und Umweltdezernentin Irmgard M\u00fcnch-Weinmann.<\/p>\n\n\n\n<p>Die Earth Hour, initiiert durch den World Wide Fund For Nature (WWF), findet 2025 zum 19. Mal statt. Ihren Anfang nahm die Aktion im Jahr 2007 in Sydney. Mittlerweile wird die \u201eStunde der Erde\u201c auf allen Kontinenten in mehr als 180 L\u00e4ndern veranstaltet.<\/p>\n\n\n\n<p><em>Text: Stadtverwaltung Speyer Foto: \u00a9 WWF<br>11.03.2025<\/em><\/p>\n\n\n\n<h2 class=\"wp-block-heading\">Vorl\u00e4ufiges\u00a0Sammelergebnis Dreck-weg-Tag 2025<\/h2>\n\n\n<div class=\"wp-block-image\">\n<figure class=\"aligncenter size-full\"><img decoding=\"async\" loading=\"lazy\" width=\"800\" height=\"559\" src=\"https:\/\/speyer24news.com\/wp-content\/uploads\/2025\/03\/DWT_Fuhrpark_Mitarbeiter.jpg\" alt=\"\" class=\"wp-image-60650\" srcset=\"https:\/\/speyer24news.com\/wp-content\/uploads\/2025\/03\/DWT_Fuhrpark_Mitarbeiter.jpg 800w, https:\/\/speyer24news.com\/wp-content\/uploads\/2025\/03\/DWT_Fuhrpark_Mitarbeiter-300x210.jpg 300w, https:\/\/speyer24news.com\/wp-content\/uploads\/2025\/03\/DWT_Fuhrpark_Mitarbeiter-768x537.jpg 768w\" sizes=\"(max-width: 800px) 100vw, 800px\" \/><\/figure><\/div>\n\n\n<p>Beim 22. Dreck-weg-Tag am 7. M\u00e4rz und 8. M\u00e4rz 2025 haben insgesamt&nbsp;2.847 Helfer*innen&nbsp;aus&nbsp;Kitas, Schulen, Vereinen&nbsp;und Verb\u00e4nden, Parteien sowie Privatinitiativen dem wilden M\u00fcll die rote&nbsp;Karte gezeigt.<\/p>\n\n\n\n<p>40\u00a0Kubikmeter Restm\u00fcll, sowie\u00a0zwei\u00a0Kubikmeter Glas und\u00a0zwei\u00a0Kubikmeter Metallschrott\u00a0lautet die vorl\u00e4ufige Sammelbilanz. Darunter befanden sich\u00a0ein Surfbrett, ein intakter Wertstoffsackhalter auf Rollen, ein Schoko-Osterhase, drei Altreifen, ein Feuerl\u00f6scher, f\u00fcnf Chemie- und \u00d6lkanister, Farben und wenige Elektrokleinger\u00e4te wie Ventilator, Kaffeemaschine und Fritteuse.<br>Stadt und Stadtwerke danken den Umweltpatinnen und Umweltpaten, deren Ganzjahreseinsatz sich gewiss positiv auf die Reduzierung der Sammelmengen beim diesj\u00e4hrigen Dreck-weg-Tag ausgewirkt hat.<\/p>\n\n\n<div class=\"wp-block-image\">\n<figure class=\"aligncenter size-full\"><img decoding=\"async\" loading=\"lazy\" width=\"800\" height=\"524\" src=\"https:\/\/speyer24news.com\/wp-content\/uploads\/2025\/03\/DWT_Helferfest_Walderholung.jpg\" alt=\"\" class=\"wp-image-60651\" srcset=\"https:\/\/speyer24news.com\/wp-content\/uploads\/2025\/03\/DWT_Helferfest_Walderholung.jpg 800w, https:\/\/speyer24news.com\/wp-content\/uploads\/2025\/03\/DWT_Helferfest_Walderholung-300x197.jpg 300w, https:\/\/speyer24news.com\/wp-content\/uploads\/2025\/03\/DWT_Helferfest_Walderholung-768x503.jpg 768w\" sizes=\"(max-width: 800px) 100vw, 800px\" \/><\/figure><\/div>\n\n\n<p>Beim gemeinsamen Helferfest in der Walderholung am Samstag versorgte die\u00a0SEGV (Schnelle Einsatzgruppe Verpflegung) der Feuerwehr Speyer die zahlreich erschienenen Teilnehmenden der Aktion mit leckerem Mittagessen.\u00a0Bei k\u00fchlen Getr\u00e4nken und bei strahlendem Sonnenschein tauschten die Akteur*innen ihre Sammeleindr\u00fccke aus.<\/p>\n\n\n\n<p><em>Text: Stadtverwaltung Speyer Foto: \u00a9 Stadt Speyer<br>10.03.2025<\/em><\/p>\n\n\n\n<h2 class=\"wp-block-heading\">Weltg\u00e4stef\u00fchrertag 2025 ein voller Erfolg \u2013 Erl\u00f6s aus F\u00fchrungen geht an Purrmann-Haus<\/h2>\n\n\n<div class=\"wp-block-image\">\n<figure class=\"aligncenter size-full\"><img decoding=\"async\" loading=\"lazy\" width=\"800\" height=\"609\" src=\"https:\/\/speyer24news.com\/wp-content\/uploads\/2025\/03\/von.li_.n.r.-Dr.-Elke-Maase-Wilfried-Treutle-Andrea-Braun-Cornelia-Benz-Maria-Leitmeyer-Foto-Museum-Purrmann-Haus.jpg-1.jpg\" alt=\"\" class=\"wp-image-60652\" srcset=\"https:\/\/speyer24news.com\/wp-content\/uploads\/2025\/03\/von.li_.n.r.-Dr.-Elke-Maase-Wilfried-Treutle-Andrea-Braun-Cornelia-Benz-Maria-Leitmeyer-Foto-Museum-Purrmann-Haus.jpg-1.jpg 800w, https:\/\/speyer24news.com\/wp-content\/uploads\/2025\/03\/von.li_.n.r.-Dr.-Elke-Maase-Wilfried-Treutle-Andrea-Braun-Cornelia-Benz-Maria-Leitmeyer-Foto-Museum-Purrmann-Haus.jpg-1-300x228.jpg 300w, https:\/\/speyer24news.com\/wp-content\/uploads\/2025\/03\/von.li_.n.r.-Dr.-Elke-Maase-Wilfried-Treutle-Andrea-Braun-Cornelia-Benz-Maria-Leitmeyer-Foto-Museum-Purrmann-Haus.jpg-1-768x585.jpg 768w, https:\/\/speyer24news.com\/wp-content\/uploads\/2025\/03\/von.li_.n.r.-Dr.-Elke-Maase-Wilfried-Treutle-Andrea-Braun-Cornelia-Benz-Maria-Leitmeyer-Foto-Museum-Purrmann-Haus.jpg-1-80x60.jpg 80w\" sizes=\"(max-width: 800px) 100vw, 800px\" \/><figcaption class=\"wp-element-caption\"><em>v.l.: <\/em>Dr. Elke Maase, Wilfried Treutle, Andrea Braun, Cornelia Benz, Maria Leitmeyer, Foto Museum Purrmann-Haus <br><em>Foto: \u00a9 Museum Purrmann-Haus<\/em><\/figcaption><\/figure><\/div>\n\n\n<p>Der diesj\u00e4hrige Weltg\u00e4stef\u00fchrertag stand unter dem spannenden Motto \u201eVerborgene Sch\u00e4tze\u201c. Am 23. Februar 2025 konnten insgesamt 186 Teilnehmende der zwei kostenlosen F\u00fchrungen der Interessensgemeinschaft der G\u00e4stef\u00fchrer Speyer (IGS) bislang unbekannte Speyerer Sch\u00e4tze erkunden und dabei den mitrei\u00dfenden Ausf\u00fchrungen der G\u00e4stef\u00fchrer*innen lauschen.<\/p>\n\n\n\n<p>\u201eIn diesem Jahr konnten wir noch mehr G\u00e4ste als im vergangenen Jahr f\u00fcr die F\u00fchrungen begeistern. Das wachsende Interesse zeigt, wie bedeutsam diese speziellen F\u00fchrungen durch unsere Stadt f\u00fcr Ausw\u00e4rtige, ebenso wie f\u00fcr Speyererinnen und Speyerer sind \u2013 aber auch, dass es in dieser vielf\u00e4ltigen Stadt immer wieder Neues und Altes zu entdecken gibt\u201c, freut sich B\u00fcrgermeisterin und Kulturdezernentin Monika Kabs.&nbsp;<\/p>\n\n\n\n<p>Die Schatzsuche f\u00fchrte die G\u00e4ste auch in den Trausaal sowie den Stadtratssitzungssaal des Historischen Rathauses und m\u00fcndete in einen erlebnisreichen Abschluss im Museum Purrmann-Haus. Dieser faszinierte die Teilnehmenden besonders, sodass nachfolgende Besuche des kleinen Museums bereits fest eingeplant wurden.<\/p>\n\n\n\n<p>Die Begeisterung spiegelte sich auch in einer gro\u00dfz\u00fcgigen Spende wieder, welche von der IGS auf 1.450 Euro aufgerundet wurde und dem Purrmann-Haus zugutekommen soll.<\/p>\n\n\n\n<p>\u201eDie F\u00fchrungen zum Weltg\u00e4stef\u00fchrertag waren damit auch in diesem Jahr ein voller Erfolg. Unser Dank gilt dem ausgesprochenen Engagement der G\u00e4stef\u00fchrerinnen und G\u00e4stef\u00fchrer, deren Arbeit f\u00fcr die Au\u00dfenwirkung unserer Stadt von gro\u00dfer Bedeutung ist\u201c, betont Oberb\u00fcrgermeisterin Stefanie Seiler.<\/p>\n\n\n\n<p>Der Weltg\u00e4stef\u00fchrertag wurde vom Bundesverband der G\u00e4stef\u00fchrer Deutschland im Jahre 1999 ins Leben gerufen und will auf das Berufsbild der G\u00e4stef\u00fchrer, ihre Professionalit\u00e4t und ihr Engagement f\u00fcr ihre jeweilige Stadt und Region aufmerksam machen.<\/p>\n\n\n\n<p><em>Text: Stadtverwaltung Speyer Foto: \u00a9 Museum Purrmann-Haus<br>10.03.2025<\/em><\/p>\n\n\n\n<h2 class=\"wp-block-heading\">Speyer erbl\u00fcht: Fotoaufruf der Stadt Speyer im Rahmen der Kampagne \u201eTausende G\u00e4rten \u2013 Tausende Arten\u201c<\/h2>\n\n\n<div class=\"wp-block-image\">\n<figure class=\"aligncenter size-full\"><img decoding=\"async\" loading=\"lazy\" width=\"800\" height=\"600\" src=\"https:\/\/speyer24news.com\/wp-content\/uploads\/2022\/04\/Mohn-Fruehling-Wiese.jpg\" alt=\"\" class=\"wp-image-44011\" srcset=\"https:\/\/speyer24news.com\/wp-content\/uploads\/2022\/04\/Mohn-Fruehling-Wiese.jpg 800w, https:\/\/speyer24news.com\/wp-content\/uploads\/2022\/04\/Mohn-Fruehling-Wiese-300x225.jpg 300w, https:\/\/speyer24news.com\/wp-content\/uploads\/2022\/04\/Mohn-Fruehling-Wiese-768x576.jpg 768w, https:\/\/speyer24news.com\/wp-content\/uploads\/2022\/04\/Mohn-Fruehling-Wiese-678x509.jpg 678w, https:\/\/speyer24news.com\/wp-content\/uploads\/2022\/04\/Mohn-Fruehling-Wiese-326x245.jpg 326w, https:\/\/speyer24news.com\/wp-content\/uploads\/2022\/04\/Mohn-Fruehling-Wiese-80x60.jpg 80w\" sizes=\"(max-width: 800px) 100vw, 800px\" \/><\/figure><\/div>\n\n\n<p>Auch in diesem Jahr rufen das Nachhaltigkeitsmanagement und das Bildungszentrum Villa&nbsp;Ecarius&nbsp;der Stadt Speyer alle B\u00fcrger*innen aus Speyer sowie der Umgebung dazu auf, Fotos einzureichen, die zeigen, wie sie aktiv zur F\u00f6rderung der Artenvielfalt in ihrem Garten, auf dem Balkon oder vor dem Fenster beitragen.<\/p>\n\n\n\n<p>\u201eInsekten spielen eine wichtige Rolle in der Natur. Wer dem Insektensterben entgegenwirken m\u00f6chte, kann schon im eigenen Garten oder auf dem Balkon einiges daf\u00fcr tun. Denn selbst in der Stadt lassen sich tolle Oasen f\u00fcr Insekten schaffen, die deren Lebensraum wieder vergr\u00f6\u00dfern\u201c, erkl\u00e4rt Beigeordnete Irmgard M\u00fcnch-Weinmann. \u201eDaher freue ich mich sehr, dass wir auch in diesem Jahr wieder eine kreative Aktion zur F\u00f6rderung der Artenvielfalt in Speyer anbieten k\u00f6nnen\u201c, so die Umweltdezernentin.<\/p>\n\n\n\n<p>Ob durch den Einsatz von samenfestem Saatgut, das Anlegen von Totholz-, Laub- und Steinhaufen, das Aufstellen von Nistk\u00e4sten oder die Gestaltung von Trockenmauern \u2013 es gibt zahlreiche M\u00f6glichkeiten, die biologische Vielfalt zu unterst\u00fctzen und somit einen wertvollen Beitrag zum Erhalt der Biodiversit\u00e4t zu leisten.<\/p>\n\n\n\n<h4 class=\"wp-block-heading\">B\u00fcrger*innen aus Speyer und Umgebung sind eingeladen, bis zu drei Fotos pro Person im Zeitraum vom\u00a0<strong>22. M\u00e4rz 2025<\/strong>\u00a0bis zum\u00a0<strong>31. August 2025<\/strong>\u00a0einzureichen. Die Fotos k\u00f6nnen per E-Mail an\u00a0<strong><a href=\"mailto:stadtbibliothek@stadt-speyer.de\">stadtbibliothek@stadt-speyer.de<\/a><\/strong> oder postalisch an die\u00a0<strong>Stadtbibliothek Speyer (Bahnhofstra\u00dfe 54, 67346 Speyer)<\/strong>\u00a0gesendet werden.<\/h4>\n\n\n\n<p>Erstmals wird auf Initiative von Oberb\u00fcrgermeisterin Stefanie Seiler in diesem Jahr auch ein \u201eFotoaufruf f\u00fcr Kinder\u201c angeboten: Alle jungen Naturfreund*innen, die noch nicht vollj\u00e4hrig sind und ein eigenes Naturprojekt im Garten oder auf dem Balkon haben, k\u00f6nnen ein Foto unter dem Stichwort \u201eFotoaufruf Kinder\u201c einreichen \u2013 entweder selbst oder mit Unterst\u00fctzung ihrer Eltern.<\/p>\n\n\n\n<p>\u201eDer Schutz von Tier- und Pflanzenarten ist f\u00fcr uns alle wichtig, ob Gro\u00df, ob Klein. Mit der Aktion f\u00fcr Kinder wollen wir erm\u00f6glichen, dass auch schon die J\u00fcngsten ein Bewusstsein f\u00fcr die Bedeutung der biologischen Vielfalt entwickeln und dabei kreativ sein k\u00f6nnen\u201c, freut sich Oberb\u00fcrgermeisterin Stefanie Seiler \u00fcber die Erweiterung der Beteiligungsm\u00f6glichkeit f\u00fcr Kinder und betont: \u201eF\u00fcr den Aufbau einer nachhaltigen Zukunft tr\u00e4gt es entscheidend dazu bei, alle mitzunehmen.\u201c<\/p>\n\n\n\n<p>Im Rahmen eines Vortrags mit Heike&nbsp;Boomgaarden&nbsp;am&nbsp;<strong>8. Oktober 2025<\/strong>&nbsp;wird unter allen Einsendungen von Erwachsenen ein Losverfahren durchgef\u00fchrt, bei dem attraktive Preise zu gewinnen sind. Beitr\u00e4ge aus dem \u201eFotoaufruf f\u00fcr Kinder\u201c werden gesondert gew\u00fcrdigt und die teilnehmenden Kinder erhalten als Anerkennung ein kleines Pr\u00e4sent im Rahmen einer Einladung in die Stadtbibliothek.<\/p>\n\n\n\n<p>F\u00fcr weitere Informationen steht die Stadtbibliothek Speyer zur Verf\u00fcgung per E-Mail an\u00a0<strong><a href=\"mailto:stadtbibliothek@stadt-speyer.de\" target=\"_blank\" rel=\"noreferrer noopener\">stadtbibliothek@stadt-speyer.de<\/a>.<\/strong><\/p>\n\n\n\n<p><em>Text: Stadtverwaltung Speyer Foto: \u00a9 Speyer 24 NEWS<br>07.03.2025<\/em><\/p>\n\n\n\n<h1 class=\"wp-block-heading has-text-align-center\">Verkehrsnotiz<\/h1>\n\n\n<div class=\"wp-block-image\">\n<figure class=\"aligncenter size-full\"><img decoding=\"async\" loading=\"lazy\" width=\"800\" height=\"565\" src=\"https:\/\/speyer24news.com\/wp-content\/uploads\/2020\/01\/Baustelle-2.jpg\" alt=\"\" class=\"wp-image-23900\" srcset=\"https:\/\/speyer24news.com\/wp-content\/uploads\/2020\/01\/Baustelle-2.jpg 800w, https:\/\/speyer24news.com\/wp-content\/uploads\/2020\/01\/Baustelle-2-300x212.jpg 300w, https:\/\/speyer24news.com\/wp-content\/uploads\/2020\/01\/Baustelle-2-768x542.jpg 768w\" sizes=\"(max-width: 800px) 100vw, 800px\" \/><\/figure><\/div>\n\n\n<h2 class=\"wp-block-heading\">Schutzplankenarbeiten auf der B9 zwischen Speyer und Schwegenheim<\/h2>\n\n\n\n<p>Im <strong>Zeitraum von M\u00e4rz bis voraussichtlich August 2025<\/strong> werden auf der Bundesstra\u00dfe B9, im Abschnitt zwischen Speyer und Schwegenheim, Schutzplankenarbeiten durchgef\u00fchrt.<\/p>\n\n\n\n<p>Diese Ma\u00dfnahmen dienen der Erh\u00f6hung der Verkehrssicherheit und sollen dazu beitragen, Unf\u00e4lle zu vermeiden.<\/p>\n\n\n\n<p>Die Arbeiten umfassen die Installation neuer Schutzplanken sowie die Instandsetzung bestehender Anlagen. W\u00e4hrend der Bauzeit kann es zu tempor\u00e4ren Verkehrsbehinderungen kommen.<\/p>\n\n\n\n<p>Der Landesbetrieb Mobilit\u00e4t Speyer bittet alle Verkehrsteilnehmenden und Anliegende um Verst\u00e4ndnis f\u00fcr m\u00f6gliche Verkehrsbehinderungen.<\/p>\n\n\n\n<p><em>Stadt Speyer und Landesbetrieb Mobilit\u00e4t Speyer<br>10.02.2025<\/em><\/p>\n","protected":false},"excerpt":{"rendered":"<div class=\"mh-excerpt\"><p>Festplatz wegen Markierungsarbeiten und Durchf\u00fchrung der Fr\u00fchjahrsmesse gesperrt Am Mittwoch, 26. M\u00e4rz, und voraussichtlich Donnerstag, 27. M\u00e4rz 2025, kann der Festplatz nicht als Parkfl\u00e4che genutzt werden. Um die Stellfl\u00e4chen f\u00fcr die Schaustellerbetriebe der Fr\u00fchjahrsmesse 2025 <a class=\"mh-excerpt-more\" href=\"https:\/\/speyer24news.com\/?p=60645\" title=\"Speyer Stadtnotizen &#038; Verkehrsnotizen\">[&#8230;]<\/a><\/p>\n<\/div>","protected":false},"author":3,"featured_media":46477,"comment_status":"open","ping_status":"open","sticky":false,"template":"","format":"standard","meta":{"_monsterinsights_skip_tracking":false,"_monsterinsights_sitenote_active":false,"_monsterinsights_sitenote_note":"","_monsterinsights_sitenote_category":0,"footnotes":""},"categories":[18620],"tags":[15683,18658,18657,18648,18653,5865,18651,18652,6198,7119,775,18650,18646,6,18647,13124,1296,18655,18656,9636,18649,18654,6041],"aioseo_notices":[],"amp_enabled":true,"_links":{"self":[{"href":"https:\/\/speyer24news.com\/index.php?rest_route=\/wp\/v2\/posts\/60645"}],"collection":[{"href":"https:\/\/speyer24news.com\/index.php?rest_route=\/wp\/v2\/posts"}],"about":[{"href":"https:\/\/speyer24news.com\/index.php?rest_route=\/wp\/v2\/types\/post"}],"author":[{"embeddable":true,"href":"https:\/\/speyer24news.com\/index.php?rest_route=\/wp\/v2\/users\/3"}],"replies":[{"embeddable":true,"href":"https:\/\/speyer24news.com\/index.php?rest_route=%2Fwp%2Fv2%2Fcomments&post=60645"}],"version-history":[{"count":1,"href":"https:\/\/speyer24news.com\/index.php?rest_route=\/wp\/v2\/posts\/60645\/revisions"}],"predecessor-version":[{"id":60653,"href":"https:\/\/speyer24news.com\/index.php?rest_route=\/wp\/v2\/posts\/60645\/revisions\/60653"}],"wp:featuredmedia":[{"embeddable":true,"href":"https:\/\/speyer24news.com\/index.php?rest_route=\/wp\/v2\/media\/46477"}],"wp:attachment":[{"href":"https:\/\/speyer24news.com\/index.php?rest_route=%2Fwp%2Fv2%2Fmedia&parent=60645"}],"wp:term":[{"taxonomy":"category","embeddable":true,"href":"https:\/\/speyer24news.com\/index.php?rest_route=%2Fwp%2Fv2%2Fcategories&post=60645"},{"taxonomy":"post_tag","embeddable":true,"href":"https:\/\/speyer24news.com\/index.php?rest_route=%2Fwp%2Fv2%2Ftags&post=60645"}],"curies":[{"name":"wp","href":"https:\/\/api.w.org\/{rel}","templated":true}]}}