{"id":60744,"date":"2025-04-18T06:20:37","date_gmt":"2025-04-18T05:20:37","guid":{"rendered":"https:\/\/speyer24news.com\/?p=60744"},"modified":"2025-04-18T06:23:52","modified_gmt":"2025-04-18T05:23:52","slug":"radarfallen-blitzer-geschwindigkeitsmessung-fuer-die-kw-17-24-03-30-03-2024","status":"publish","type":"post","link":"https:\/\/speyer24news.com\/?p=60744","title":{"rendered":"Radarfallen \/ Blitzer \/ Geschwindigkeitsmessung f\u00fcr die KW 17 (24.03. \u2013 30.03.2024)"},"content":{"rendered":"<style type=\"text\/css\">\r\n\t.ads_top_disp{}\r\n\t.ads_top_corner_disp{ float:left; margin:0px 10px 10px 0px; }\r\n\t.ads_first_p_disp{}\r\n\t.ads_bottom_disp{}\r\n\t<\/style>\n<h2 class=\"wp-block-heading\"><strong>(Mannheim) \u2013&nbsp;<\/strong>Geschwindigkeitskontrollen f\u00fcr die Woche&nbsp;vom 21. bis 27. April<\/h2>\n\n\n<div class=\"wp-block-image\">\n<figure class=\"aligncenter\"><img decoding=\"async\" loading=\"lazy\" width=\"640\" height=\"497\" src=\"https:\/\/speyer24news.com\/wp-content\/uploads\/2020\/12\/Blitzer-2.jpg\" alt=\"\" class=\"wp-image-31937\" srcset=\"https:\/\/speyer24news.com\/wp-content\/uploads\/2020\/12\/Blitzer-2.jpg 640w, https:\/\/speyer24news.com\/wp-content\/uploads\/2020\/12\/Blitzer-2-300x233.jpg 300w\" sizes=\"(max-width: 640px) 100vw, 640px\" \/><\/figure><\/div>\n\n\n<h3 class=\"wp-block-heading\">Die Stadt Mannheim f\u00fchrt vom 22. bis 25. April in folgenden Stra\u00dfen Geschwindigkeitskontrollen durch:<\/h3>\n\n\n\n<ul>\n<li><strong>Augustaanlage<\/strong><\/li>\n\n\n\n<li><strong>Bassermannstra\u00dfe<\/strong><\/li>\n\n\n\n<li><strong>Hauptstra\u00dfe<\/strong><\/li>\n\n\n\n<li><strong>Luzenbergstra\u00dfe<\/strong><\/li>\n\n\n\n<li><strong>Sophienstra\u00dfe<\/strong><\/li>\n\n\n\n<li><strong>Spessartstra\u00dfe (Br\u00fcder-Grimm-Schule)<\/strong><\/li>\n\n\n\n<li><strong>Waldstra\u00dfe<\/strong><\/li>\n\n\n\n<li><strong>Werderplatz (Oststadtschule)<\/strong><\/li>\n\n\n\n<li><strong>Wiesbadener Stra\u00dfe (Friedrich-Ebert-Schule)<\/strong><\/li>\n<\/ul>\n\n\n\n<p>Kurzfristige \u00c4nderungen oder zus\u00e4tzliche Messstellen sind aus aktuellem Anlass m\u00f6glich.<\/p>\n\n\n\n<p><em>Stadt Mannheim<br>17.04.2025<\/em><\/p>\n\n\n\n<h2 class=\"wp-block-heading\"><strong>(Ludwigshafen) \u2013&nbsp;<\/strong>Radarkontrollen f\u00fcr die Woche vom 21. April bis 27. April 2025<\/h2>\n\n\n<div class=\"wp-block-image\">\n<figure class=\"aligncenter\"><img decoding=\"async\" loading=\"lazy\" width=\"800\" height=\"600\" src=\"https:\/\/speyer24news.com\/wp-content\/uploads\/2020\/03\/Blitzer-1.jpg\" alt=\"\" class=\"wp-image-25724\" srcset=\"https:\/\/speyer24news.com\/wp-content\/uploads\/2020\/03\/Blitzer-1.jpg 800w, https:\/\/speyer24news.com\/wp-content\/uploads\/2020\/03\/Blitzer-1-300x225.jpg 300w, https:\/\/speyer24news.com\/wp-content\/uploads\/2020\/03\/Blitzer-1-768x576.jpg 768w, https:\/\/speyer24news.com\/wp-content\/uploads\/2020\/03\/Blitzer-1-678x509.jpg 678w, https:\/\/speyer24news.com\/wp-content\/uploads\/2020\/03\/Blitzer-1-326x245.jpg 326w, https:\/\/speyer24news.com\/wp-content\/uploads\/2020\/03\/Blitzer-1-80x60.jpg 80w\" sizes=\"(max-width: 800px) 100vw, 800px\" \/><\/figure><\/div>\n\n\n<h3 class=\"wp-block-heading\">Die Stadt Ludwigshafen nimmt in folgenden Stadtteilen Radarkontrollen vor:<\/h3>\n\n\n\n<ul>\n<li><strong>Montag, 21. April: Gartenstadt, Edigheim und Friesenheim<\/strong><\/li>\n\n\n\n<li><strong>Dienstag, 22. April: Maudach, Mitte und Mundenheim<\/strong><\/li>\n\n\n\n<li><strong>Mittwoch, 23. April: Nord, Oppau und Oggersheim<\/strong><\/li>\n\n\n\n<li><strong>Donnerstag, 24. April: Pfingstweide, Rheing\u00f6nheim und S\u00fcd<\/strong><\/li>\n\n\n\n<li><strong>Freitag, 25. April: Ruchheim, West und Edigheim<\/strong><\/li>\n\n\n\n<li><strong>Samstag, 26. April: Friesenheim, Oggersheim und Gartenstadt<\/strong><\/li>\n<\/ul>\n\n\n\n<p>Kurzfristige \u00c4nderungen beh\u00e4lt sich der Bereich Stra\u00dfenverkehr vor. Kontrollen k\u00f6nnen auch kurzfristig an anderen Stellen stattfinden.<\/p>\n\n\n\n<p><em>Stadt Ludwigshafen am Rhein<br>14.03.2025<\/em><\/p>\n\n\n\n<h2 class=\"wp-block-heading\">(<strong>Rheinpfalz<\/strong>) &#8211; Radarkontrolle des Polizeipr\u00e4sidiums Rheinpfalz f\u00fcr April 2023<\/h2>\n\n\n<div class=\"wp-block-image\">\n<figure class=\"aligncenter size-full\"><img decoding=\"async\" loading=\"lazy\" width=\"800\" height=\"450\" src=\"https:\/\/speyer24news.com\/wp-content\/uploads\/2020\/12\/Blitzer-Logo.jpg\" alt=\"\" class=\"wp-image-31938\" srcset=\"https:\/\/speyer24news.com\/wp-content\/uploads\/2020\/12\/Blitzer-Logo.jpg 800w, https:\/\/speyer24news.com\/wp-content\/uploads\/2020\/12\/Blitzer-Logo-300x169.jpg 300w, https:\/\/speyer24news.com\/wp-content\/uploads\/2020\/12\/Blitzer-Logo-768x432.jpg 768w, https:\/\/speyer24news.com\/wp-content\/uploads\/2020\/12\/Blitzer-Logo-678x381.jpg 678w\" sizes=\"(max-width: 800px) 100vw, 800px\" \/><\/figure><\/div>\n\n\n<h3 class=\"wp-block-heading\">Im Bereich der&nbsp;<strong>Polizeidirektion Ludwigshafen&nbsp;<\/strong>finden wie folgt Kontrollen statt:<\/h3>\n\n\n\n<ul>\n<li><strong>Dienstag 25.04.2023 im Bereich Hanhofen<\/strong><\/li>\n\n\n\n<li><strong>Freitag 28.04.2023 im Bereich Limburgerhof<\/strong><\/li>\n<\/ul>\n\n\n\n<h3 class=\"wp-block-heading\">Im Bereich der&nbsp;<strong>Polizeidirektion Landau<\/strong>&nbsp;finden wie folgt Kontrollen statt:<\/h3>\n\n\n\n<ul>\n<li><strong>Mittwoch 26.04.2023 im Bereich Landau<\/strong><\/li>\n<\/ul>\n\n\n\n<h3 class=\"wp-block-heading\">Im Bereich der&nbsp;<strong>Polizeidirektion Neustadt&nbsp;<\/strong>finden wie folgt Kontrollen statt:<\/h3>\n\n\n\n<ul>\n<li><strong>Donnerstag 27.04.2023 im Bereich Gr\u00fcnstadt<\/strong><\/li>\n<\/ul>\n\n\n\n<p>Die Polizei weist ausdr\u00fccklich darauf hin, dass Kontrollen auch au\u00dferhalb der genannten Zeiten und \u00d6rtlichkeiten stattfinden.<\/p>\n\n\n\n<p><em>Polizeipr\u00e4sidium Rheinpfalz<br>03.04.2025<\/em><\/p>\n","protected":false},"excerpt":{"rendered":"<div class=\"mh-excerpt\"><p>(Mannheim) \u2013&nbsp;Geschwindigkeitskontrollen f\u00fcr die Woche&nbsp;vom 21. bis 27. April Die Stadt Mannheim f\u00fchrt vom 22. bis 25. April in folgenden Stra\u00dfen Geschwindigkeitskontrollen durch: Kurzfristige \u00c4nderungen oder zus\u00e4tzliche Messstellen sind aus aktuellem Anlass m\u00f6glich. Stadt Mannheim17.04.2025 <a class=\"mh-excerpt-more\" href=\"https:\/\/speyer24news.com\/?p=60744\" title=\"Radarfallen \/ Blitzer \/ Geschwindigkeitsmessung f\u00fcr die KW 17 (24.03. \u2013 30.03.2024)\">[&#8230;]<\/a><\/p>\n<\/div>","protected":false},"author":3,"featured_media":33649,"comment_status":"open","ping_status":"open","sticky":false,"template":"","format":"standard","meta":{"_monsterinsights_skip_tracking":false,"_monsterinsights_sitenote_active":false,"_monsterinsights_sitenote_note":"","_monsterinsights_sitenote_category":0,"footnotes":""},"categories":[64],"tags":[18,7702,4819,4814,7703,14960,19,5148,4822,4817,17773,4228,16998,947,5146,4820,4815,5147,14751,17001,17425,17003,17002,17004,17005,58,153,56,17,7699,7068,7004,7700,14747,16990,17424,16992,16991,16993,16994,949,5150,4818,4813,14746,1310,17426,11898,16995,16996,979],"aioseo_notices":[],"amp_enabled":true,"_links":{"self":[{"href":"https:\/\/speyer24news.com\/index.php?rest_route=\/wp\/v2\/posts\/60744"}],"collection":[{"href":"https:\/\/speyer24news.com\/index.php?rest_route=\/wp\/v2\/posts"}],"about":[{"href":"https:\/\/speyer24news.com\/index.php?rest_route=\/wp\/v2\/types\/post"}],"author":[{"embeddable":true,"href":"https:\/\/speyer24news.com\/index.php?rest_route=\/wp\/v2\/users\/3"}],"replies":[{"embeddable":true,"href":"https:\/\/speyer24news.com\/index.php?rest_route=%2Fwp%2Fv2%2Fcomments&post=60744"}],"version-history":[{"count":4,"href":"https:\/\/speyer24news.com\/index.php?rest_route=\/wp\/v2\/posts\/60744\/revisions"}],"predecessor-version":[{"id":60846,"href":"https:\/\/speyer24news.com\/index.php?rest_route=\/wp\/v2\/posts\/60744\/revisions\/60846"}],"wp:featuredmedia":[{"embeddable":true,"href":"https:\/\/speyer24news.com\/index.php?rest_route=\/wp\/v2\/media\/33649"}],"wp:attachment":[{"href":"https:\/\/speyer24news.com\/index.php?rest_route=%2Fwp%2Fv2%2Fmedia&parent=60744"}],"wp:term":[{"taxonomy":"category","embeddable":true,"href":"https:\/\/speyer24news.com\/index.php?rest_route=%2Fwp%2Fv2%2Fcategories&post=60744"},{"taxonomy":"post_tag","embeddable":true,"href":"https:\/\/speyer24news.com\/index.php?rest_route=%2Fwp%2Fv2%2Ftags&post=60744"}],"curies":[{"name":"wp","href":"https:\/\/api.w.org\/{rel}","templated":true}]}}