{"id":7298,"date":"2019-02-16T11:57:08","date_gmt":"2019-02-16T10:57:08","guid":{"rendered":"https:\/\/speyer24news.com\/?p=7298"},"modified":"2019-02-16T12:02:14","modified_gmt":"2019-02-16T11:02:14","slug":"salierbruecke-wird-saniert-umleitungsempfehlungen","status":"publish","type":"post","link":"https:\/\/speyer24news.com\/?p=7298","title":{"rendered":"Salierbr\u00fccke wird saniert &#8211; Umleitungsempfehlungen"},"content":{"rendered":"<style type=\"text\/css\">\r\n\t.ads_top_disp{}\r\n\t.ads_top_corner_disp{ float:left; margin:0px 10px 10px 0px; }\r\n\t.ads_first_p_disp{}\r\n\t.ads_bottom_disp{}\r\n\t<\/style>\n<p><strong>Speyer \/ Salierbr\u00fccke &#8211; <\/strong>Die Salierbr\u00fccke, die Speyer mit Baden-W\u00fcrttemberg \u00fcber den Rhein verbindet, <strong>wird ab dem 21. Januar 2019<\/strong> umfassend saniert und ist f\u00fcr den motorisierten Verkehr auf diesem Streckenabschnitt der B39 <strong>voraussichtlich 26 Monate<\/strong> nicht befahrbar \u2013 ausgenommen sind nur die Rettungsdienste.\n\n<\/p>\n\n\n\n<p>Berufspendler, Besucher und B\u00fcrger aus der Region, die aus \nBaden-W\u00fcrttemberg mit dem PKW oder dem Motorrad anreisen, k\u00f6nnen \nfolgende Umleitungsempfehlungen nutzen, um die Dom- und Kaiserstadt \nSpeyer weiterhin bequem zu erreichen:<\/p>\n\n\n\n<ul><li>F\u00fcr alle, die \u00fcber die \nAutobahn A 6 anreisen, empfiehlt die Stadt Speyer am Kreuz Hockenheim \nauf die A61 zu wechseln und die Ausfahrt 63 Richtung Speyer auf die B9 \nzu nehmen. Dann der B9 in Richtung Speyer\/Landau folgen und am Knoten B9\n \/ B39 auf die B39 wechseln, die bis zur Ausfahrt Speyer-Zentrum und dem\n Parkplatz Festplatz offen bleibt.<\/li><li>Autofahrerinnen und \nAutofahrer, die aus dem s\u00fcdlichen Baden-W\u00fcrttemberg kommen, k\u00f6nnen auf \nder B35 bei Germersheim die Rheinbr\u00fccke \u00fcberqueren und dann der B9 in \nRichtung Speyer folgen. Auch hier am Knoten B9 \/ B 39 auf die B39 \nwechseln und der B39 bis zur Ausfahrt Speyer-Zentrum folgen.<\/li><li>Alternativ\n ist Speyer komfortabel mit dem \u00d6PNV erreichbar. An den Hauptbahnhof \nMannheim bzw. Karlsruhe ist die Domstadt bestens \u00fcber Zug- und \nS-Bahnverbindungen angebunden.<\/li><\/ul>\n\n\n\n<figure class=\"wp-block-image\"><img decoding=\"async\" loading=\"lazy\" width=\"800\" height=\"638\" src=\"https:\/\/speyer24news.com\/wp-content\/uploads\/2019\/02\/Umleitungsplan.jpg\" alt=\"\" class=\"wp-image-7300\" srcset=\"https:\/\/speyer24news.com\/wp-content\/uploads\/2019\/02\/Umleitungsplan.jpg 800w, https:\/\/speyer24news.com\/wp-content\/uploads\/2019\/02\/Umleitungsplan-300x239.jpg 300w, https:\/\/speyer24news.com\/wp-content\/uploads\/2019\/02\/Umleitungsplan-768x612.jpg 768w\" sizes=\"(max-width: 800px) 100vw, 800px\" \/><figcaption> <br>Umleitungsplan Salierbr\u00fcckensperrung, Foto \u00a9 Regierungspr\u00e4sidium Karlsruhe <\/figcaption><\/figure>\n\n\n\n<p>Weitere Infos zur Sanierung der Salierbr\u00fccke finden Sie auf der <a href=\"https:\/\/rp.baden-wuerttemberg.de\/rpk\/Abt4\/Ref471\/Seiten\/b39_rb_speyer.aspx\" target=\"_blank\" rel=\"noreferrer noopener\">Website des Regierungspr\u00e4sidiums Karlsruhe<\/a>.<\/p>\n\n\n\n<p><em>Text: Regierungspr\u00e4sidium Karlsruhe Foto: S24N &amp; Regierungspr\u00e4sidium Karlsruhe<\/em><\/p>\n","protected":false},"excerpt":{"rendered":"<div class=\"mh-excerpt\"><p>Speyer \/ Salierbr\u00fccke &#8211; Die Salierbr\u00fccke, die Speyer mit Baden-W\u00fcrttemberg \u00fcber den Rhein verbindet, wird ab dem 21. Januar 2019 umfassend saniert und ist f\u00fcr den motorisierten Verkehr auf diesem Streckenabschnitt der B39 voraussichtlich 26 <a class=\"mh-excerpt-more\" href=\"https:\/\/speyer24news.com\/?p=7298\" title=\"Salierbr\u00fccke wird saniert &#8211; Umleitungsempfehlungen\">[&#8230;]<\/a><\/p>\n<\/div>","protected":false},"author":3,"featured_media":7299,"comment_status":"open","ping_status":"open","sticky":false,"template":"","format":"standard","meta":{"_monsterinsights_skip_tracking":false,"_monsterinsights_sitenote_active":false,"_monsterinsights_sitenote_note":"","_monsterinsights_sitenote_category":0,"footnotes":""},"categories":[12,9],"tags":[],"aioseo_notices":[],"amp_enabled":true,"_links":{"self":[{"href":"https:\/\/speyer24news.com\/index.php?rest_route=\/wp\/v2\/posts\/7298"}],"collection":[{"href":"https:\/\/speyer24news.com\/index.php?rest_route=\/wp\/v2\/posts"}],"about":[{"href":"https:\/\/speyer24news.com\/index.php?rest_route=\/wp\/v2\/types\/post"}],"author":[{"embeddable":true,"href":"https:\/\/speyer24news.com\/index.php?rest_route=\/wp\/v2\/users\/3"}],"replies":[{"embeddable":true,"href":"https:\/\/speyer24news.com\/index.php?rest_route=%2Fwp%2Fv2%2Fcomments&post=7298"}],"version-history":[{"count":2,"href":"https:\/\/speyer24news.com\/index.php?rest_route=\/wp\/v2\/posts\/7298\/revisions"}],"predecessor-version":[{"id":7304,"href":"https:\/\/speyer24news.com\/index.php?rest_route=\/wp\/v2\/posts\/7298\/revisions\/7304"}],"wp:featuredmedia":[{"embeddable":true,"href":"https:\/\/speyer24news.com\/index.php?rest_route=\/wp\/v2\/media\/7299"}],"wp:attachment":[{"href":"https:\/\/speyer24news.com\/index.php?rest_route=%2Fwp%2Fv2%2Fmedia&parent=7298"}],"wp:term":[{"taxonomy":"category","embeddable":true,"href":"https:\/\/speyer24news.com\/index.php?rest_route=%2Fwp%2Fv2%2Fcategories&post=7298"},{"taxonomy":"post_tag","embeddable":true,"href":"https:\/\/speyer24news.com\/index.php?rest_route=%2Fwp%2Fv2%2Ftags&post=7298"}],"curies":[{"name":"wp","href":"https:\/\/api.w.org\/{rel}","templated":true}]}}