{"id":9212,"date":"2019-03-01T15:12:12","date_gmt":"2019-03-01T14:12:12","guid":{"rendered":"https:\/\/speyer24news.com\/?p=9212"},"modified":"2019-03-01T21:42:24","modified_gmt":"2019-03-01T20:42:24","slug":"polizeimeldungen-im-maerz-2019","status":"publish","type":"post","link":"https:\/\/speyer24news.com\/?p=9212","title":{"rendered":"Polizeimeldungen im M\u00e4rz 2019"},"content":{"rendered":"<style type=\"text\/css\">\r\n\t.ads_top_disp{}\r\n\t.ads_top_corner_disp{ float:left; margin:0px 10px 10px 0px; }\r\n\t.ads_first_p_disp{}\r\n\t.ads_bottom_disp{}\r\n\t<\/style>\n<figure class=\"wp-block-image\"><img decoding=\"async\" src=\"https:\/\/speyer24news.com\/wp-content\/uploads\/2019\/02\/Polizeilogo-Neu.jpg\" alt=\"\" class=\"wp-image-5375\"\/><\/figure>\n\n\n\n<h2 class=\"wp-block-heading\">Polizeimeldungen vom Freitag (01.03.2019)<\/h2>\n\n\n\n<figure class=\"wp-block-image is-resized\"><img decoding=\"async\" loading=\"lazy\" src=\"https:\/\/speyer24news.com\/wp-content\/uploads\/2019\/03\/Aktuelles-Polizeilogo.jpg\" alt=\"\" class=\"wp-image-9243\" width=\"579\" height=\"772\"\/><\/figure>\n\n\n\n<h4 class=\"wp-block-heading\">(Speyer) &#8211; Brand in einem Wohnhaus<\/h4>\n\n\n\n<p>In der Karl &#8211; Spindler &#8211; Stra\u00dfe kam es in der  vergangenen Nacht (28.02.2019) zu einem Brand in einer Wohnung, ausgel\u00f6st durch einen  technischen Defekt am Stromkabel eines Radiators. Zum Zeitpunkt des  Brandes befanden sich 5 Personen im Alter von 10 bis 50 Jahren in der  Wohnung, die alle aufgrund leichter Rauchgasintoxikationen in  Krankenh\u00e4user der Region verbracht wurden. Das Zimmer, in dem der Brand  ausbrach, ist vollst\u00e4ndig verru\u00dft und nicht bewohnbar. Ein weiterer  Geb\u00e4udeschaden entstand nicht. Die Karl &#8211; Spindler &#8211; Stra\u00dfe musste  w\u00e4hrend des Einsatzes der Feuerwehr und der Polizei zwischen den  Einm\u00fcndungen Iggelheimer Stra\u00dfe und Werkstra\u00dfe f\u00fcr 45 Minuten voll  gesperrt werden. <\/p>\n\n\n\n<h4 class=\"wp-block-heading\">(Speyer) &#8211; Verkehrsunfall mit Personenschaden<\/h4>\n\n\n\n<p>Der 16-j\u00e4hrige Fahrer eines Leichtkraftrades  Yamaha missachtete am Donnerstagabend an der Kreuzung Ziegelofenweg\/Dr. Eduard-Orth-Stra\u00dfe  die Vorfahrt eines 36-j\u00e4hrigen Fahrers eines Mercedes Benz. Im  Kreuzungsbereich kam es zur Kollision der Fahrzeuge. Sowohl der Fahrer  des Leichtkraftrades als auch sein 15-j\u00e4hriger Sozius wurden hierbei  leicht verletzt. Der 16-j\u00e4hrige wurde vorsorglich in ein Ludwigshafener  Krankenhaus verbracht. Bei dem Unfall entstand ein Gesamtschaden von  etwa 5.000 EUR. <\/p>\n\n\n\n<h4 class=\"wp-block-heading\">Gemeinsame Presseerkl\u00e4rung von Staatsanwaltschaft Frankenthal\/Pfalz und Polizeipr\u00e4sidium Rheinpfalz <\/h4>\n\n\n\n<h4 class=\"wp-block-heading\">(Speyer) &#8211; 81-J\u00e4hriger stirbt nach Brand in Wohnung<\/h4>\n\n\n\n<p>Aus bislang nicht gekl\u00e4rter Ursache kam es in einer Wohnung eines  Mehrfamilienhauses in der Fuchsweiherstra\u00dfe in Speyer am 28.02.2019, um  17 Uhr zu einem Brand. Hierbei starb ein 81-J\u00e4hriger. Der Sachschaden  wird auf 100 000 gesch\u00e4tzt. Die Staatsanwaltschaft Frankenthal und die  Kriminalpolizei haben die Ermittlungen bez\u00fcglich der Brandursache  aufgenommen. <\/p>\n\n\n\n<h4 class=\"wp-block-heading\" style=\"text-align:center\">Nachtragsmeldung zum Brand in Speyer <\/h4>\n\n\n\n<p>Die  Ermittlungen zum Brand in Speyer dauern weiter an. Eine Obduktion wurde  angeordnet. Konkrete Hinweise auf ein Einwirken Dritter liegen bislang  nicht vor. Die genaue Ursache soll ein Brandsachverst\u00e4ndiger kl\u00e4ren. Ein  Gutachten wurde von der Staatsanwaltschaft Frankenthal in Auftrag  gegeben. Mit den Ergebnissen der Untersuchungen wird fr\u00fchestens n\u00e4chste  Woche gerechnet. <\/p>\n\n\n\n<h4 class=\"wp-block-heading\">(B\u00f6hl-Iggelheim) &#8211; Fahrer unter BTM Einfluss<\/h4>\n\n\n\n<p>Am 01.03.19, gegen 00:20 Uhr, wurde ein 38-J\u00e4hriger Fahrzeugf\u00fchrer in  der Amselstra\u00dfe einer Verkehrskontrolle unterzogen. W\u00e4hrend der  Kontrolle fielen den Beamten Ausfallerscheinungen auf, die auf den  Konsum von Bet\u00e4ubungsmittel hinwiesen. Ein freiwilliger Schnelltest vor  Ort verlief positiv auf die Einnahme von Amfetamin. Zudem konnte bei  einer anschlie\u00dfenden Durchsuchung des Fahrzeugs Amfetamin aufgefunden  werden. Der 38-J\u00e4hrige wurde zwecks Blutentnahme mit auf die  Dienststelle genommen. Da der Mann nicht im Besitz einer g\u00fcltigen  Fahrerlaubnis ist, erwartet ihn zudem noch eine Strafanzeige aufgrund  des F\u00fchrens eines Kraftfahrzeugs ohne Fahrerlaubnis. <\/p>\n\n\n\n<h4 class=\"wp-block-heading\">(Schifferstadt) &#8211; Unfall mit verletzten Personen<\/h4>\n\n\n\n<p>Am Donnerstagmittag, gegen 13:00 Uhr, ereignete sich an der Einm\u00fcndung  L524 zur L532,  Ortsausfahrt Schifferstadt, ein Verkehrsunfall, bei dem  sich zwei Fahrzeugf\u00fchrer leicht verletzten. Eine 71-j\u00e4hrige Fahrerin  befuhr mit ihrem PKW die L524 und wollte auf die L532 einbiegen. Dabei  missachtete die 71-J\u00e4hrige die Vorfahrt eines 50-j\u00e4hrigen Fahrers, der  auf der L532 in Fahrtrichtung Schifferstadt unterwegs war.  Beide  stie\u00dfen im Einm\u00fcndungsbereich zusammen und zogen sich leichte  Verletzungen zu. Der 50-J\u00e4hrige erlitt leichte Verbrennungen, die durch  das Ausl\u00f6sen des Airbags entstanden sind. Die Unfallverursacherin  verletzte sich im Bereich der Halswirbels\u00e4ule. Beide wurden zur weiteren  Behandlung in ein Krankenhaus gebracht. Der Schaden an beiden  Fahrzeugen betr\u00e4gt circa 20.000 Euro. <\/p>\n\n\n\n<h4 class=\"wp-block-heading\">(Mutterstadt) &#8211; Besch\u00e4digtes Verkehrsschild<\/h4>\n\n\n\n<p>Am 27.02.19, im Zeitraum von 19:00 Uhr bis 21:00 Uhr, besch\u00e4digte ein  bisher unbekannter Fahrer ein Verkehrsschild (verkehrsberuhigter  Bereich) in der Turnhallenstra\u00dfe. Ohne sich um den Schaden an dem Schild  zu k\u00fcmmern, setzte der Unbekannte seine Fahrt fort. Zeugen, die Angaben  zu der Tat oder T\u00e4ter geben k\u00f6nnen, werden gebeten, sich mit der  Polizeiinspektion Schifferstadt unter der 06235 4950 oder per Mail an <a href=\"mailto:pischiferstadt@polizei.rlp.de\">pischiferstadt@polizei.rlp.de<\/a> in Verbindung zu setzen. <\/p>\n\n\n\n<h4 class=\"wp-block-heading\">(Mutterstadt) &#8211; Autofahrerin unter Alkoholeinfluss<\/h4>\n\n\n\n<p>Ein Verkehrsunfall unter Alkoholeinfluss ereignete sich am Mittwoch  (27.02.19), gegen 13:40 Uhr, in der Ruchheimer Stra\u00dfe. Eine 59-j\u00e4hrige  Fahrzeugf\u00fchrerin besch\u00e4digte, beim Einparken in eine Parkl\u00fccke, ein  anderes Fahrzeug. W\u00e4hrend der Unfallaufnahme durch die Polizei wurde bei  der Frau deutlicher Atemalkoholgeruch wahrgenommen. Ein Atemalkoholtest  ergab einen Wert von 1,14 Promille. Die Fahrerin musste zwecks  Blutentnahme mit auf die Dienststelle. Ihr F\u00fchrerschein wurde  sichergestellt. <\/p>\n\n\n\n<h4 class=\"wp-block-heading\">(Schwegenheim) &#8211; Diebstahl von Baustelle &#8222;Windpark Schwegenheim&#8220;<\/h4>\n\n\n\n<p>In der Nacht von Mittwoch auf Donnerstag wurden von der Baustelle  &#8222;Windpark Schwegenheim&#8220; neun Bauzaunelemente entwendet. Hierdurch  entstand ein Sachschaden von zirka 900 Euro. Zeugen, die weitere  Hinweise geben k\u00f6nnen, werden gebeten, sich bei der Polizeiinspektion  Germersheim unter 07274\/958-0 zu melden. <\/p>\n\n\n\n<h4 class=\"wp-block-heading\">(R\u00fclzheim) &#8211; Kradfahrer landet im Gr\u00fcnstreifen<\/h4>\n\n\n\n<p>Gl\u00fcck im Ungl\u00fcck hatte am Mittwochabend ein Kradfahrer mit seinem  Sozius, der die Rheinzaberner Stra\u00dfe in R\u00fclzheim befuhr. Aufgrund  \u00fcberh\u00f6hter Geschwindigkeit \u00fcbersah der Fahrer die Verkehrsinsel und kam  von der Fahrbahn ab und  landete im Gr\u00fcnstreifen. Der Kradfahrer wurde  mit Verdacht einer Ellenbogenfraktur in ein Krankenhaus eingeliefert.  Der Sozius zog sich Sch\u00fcrfwunden zu. Es entstand ein Sachschaden in H\u00f6he  von 1550 Euro. <\/p>\n\n\n\n<h4 class=\"wp-block-heading\">(Kapellen-Drusweiler) &#8211; Pkw zerkratzt<\/h4>\n\n\n\n<p>Am Donnerstag, 28.02.19, zwischen 16:00 Uhr und 17:55 Uhr, wurde in der  Unteren Hauptstra\u00dfe, ein Pkw Citroen mutwillig besch\u00e4digt. Ein bislang  unbekannter T\u00e4ter zerkratzte die linke hintere T\u00fcr und richtete dabei  einen Schaden in H\u00f6he von 500.- Euro an. Hinweise auf den T\u00e4ter bittet  die Polizei Bad Bergzabern unter Telefon 06343-93340 oder per Email  unter <a href=\"mailto:pibadbergzabern@polizei.rlp.de\">pibadbergzabern@polizei.rlp.de<\/a> zu melden. <\/p>\n\n\n\n<h4 class=\"wp-block-heading\">(Bad Bergzabern) &#8211; Tasche aus Pkw entwendet<\/h4>\n\n\n\n<p>Am 28.02.19, zwischen 17:15 Uhr und 17:30 Uhr, wurde in der  Lindelbrunnstra\u00dfe, vom R\u00fccksitz eines unverschlossenen Pkw VW, eine  Umh\u00e4ngetasche entwendet. In diesem Zusammenhang wei\u00dft die Polizei  daraufhin keine Wertgegenst\u00e4nde sichtbar im unbeaufsichtigten Fahrzeug  abzulegen. Hinweise auf den bislang unbekannten T\u00e4ter bittet die Polizei  Bad Bergzabern unter Telefon 06343-93340 oder per Email unter <a href=\"mailto:pibadbergzabern@polizei.rlp.de\">pibadbergzabern@polizei.rlp.de<\/a> zu melden. <\/p>\n\n\n\n<h4 class=\"wp-block-heading\">(Bad Bergzabern) &#8211; Bauschutt illegal entsorgt<\/h4>\n\n\n\n<p>In der Zeit von 27.02.\/28.02.19, zwischen 20:00 Uhr und 08:30 Uhr,  wurde an der L 508, im Bereich Firstweg, eine Schubkarrenladung  zerbrochener Ytong-Steine entsorgt. Die Polizei Bad Bergzabern bittet um  unter Telefon 06343-93340 oder per email unter <a href=\"mailto:pibadbergzabern@Polizei.rlp.de\">pibadbergzabern@Polizei.rlp.de<\/a> um Hinweise auf den Verursacher. <\/p>\n\n\n\n<h4 class=\"wp-block-heading\">(Rohrbach \/ L 493) &#8211; Fahren unter Drogeneinfluss<\/h4>\n\n\n\n<p>Bei einer Verkehrskontrolle wurden am 28.2.19, gegen 02.30 Uhr, bei  einem 27-j\u00e4hrigen Pkw-Fahrer drogentypische k\u00f6rperliche Merkmale  festgestellt, welche auf Drogeneinfluss schlie\u00dfen lie\u00dfen.  Der  Drogenkonsum in den letzten Tagen wurde einger\u00e4umt. Auch der  Drogenschnelltest verlief positiv. Die Folgen waren eine Blutentnahme,  Sicherstellung der Fahrzeugschl\u00fcssel und ein Ermittlungsverfahren. <\/p>\n\n\n\n<h4 class=\"wp-block-heading\">(Landau) &#8211; Verkehrsunfall mit leicht verletztem Radfahrer<\/h4>\n\n\n\n<p>Beim Befahren der Maximilianstra\u00dfe in n\u00f6rdlicher Richtung kam am Mittwochmittag eine  78-j\u00e4hrige Pkw-Fahrerin nach rechts auf die dortige Fahrradspur und  erfassten den parallel fahrenden 27-j\u00e4hrigen Radfahrer. Der st\u00fcrzte und  zog sich leichte Verletzungen am Knie zu. <\/p>\n\n\n\n<h4 class=\"wp-block-heading\">(Landau) &#8211; Fahrradfahrer ohne Licht daf\u00fcr mit Alkohol<\/h4>\n\n\n\n<p>Am 1.3.19, gegen 00.45 Uhr, fiel ein 19-j\u00e4hriger Fahrradfahrer ohne  Licht auf dem Gehweg der Horstbr\u00fccke in Landau fahrend auf. Das Befahren  der Br\u00fccke ist derzeit wegen der Bauarbeiten f\u00fcr Fahrradfahrer  untersagt. Eine Kontrolle ergab, dass er Alkohol getrunken hatte. Ein  Atemalkoholtest ergab eine AAK von 1,87 Promille. Das Fahrrad wurde vor  Ort sichergestellt um die Weiterfahrt zu verhindern. Eine Blutentnahme  auf der Dienststelle erfolgte. Ein Ermittlungsverfahren wird  eingeleitet. <\/p>\n\n\n\n<h4 class=\"wp-block-heading\">(Landau) &#8211; Verhinderte Trunkenheitsfahrt<\/h4>\n\n\n\n<p>Vor den Folgen einer m\u00f6glichen Trunkenheitsfahrt wurde ein 28-j\u00e4hriger  Pkw-Fahrer am 1.3.19 in Landau im Ostring bewahrt. Nachdem er schlafend  in seinem Pkw angetroffen wurde und ein Atemalkoholtest 1,8 Promille  ergab, wurden die Fahrzeugschl\u00fcssel sichergestellt, um eine Wegfahrt in  diesem Zustand zu verhindern. Nach erlangter N\u00fcchternheit wird der  Fahrzeugschl\u00fcssel wieder ausgeh\u00e4ndigt. <\/p>\n\n\n\n<h4 class=\"wp-block-heading\">(Landau) &#8211; Fahren unter Drogeneinfluss<\/h4>\n\n\n\n<p>Bei einer Verkehrskontrolle wurden am 27.2.19, gegen 08.00 Uhr, bei  einem 38-j\u00e4hrigen Pkw-Fahrer drogentypische k\u00f6rperliche Merkmale  festgestellt, welche auf Drogeneinfluss schlie\u00dfen lie\u00dfen. Der  Drogenkonsum in den letzten Tagen wurde einger\u00e4umt. Auch der  Drogenschnelltest verlief positiv. Die Folgen waren eine Blutentnahme,  Sicherstellung der Fahrzeugschl\u00fcssel und ein Ermittlungsverfahren. <\/p>\n\n\n\n<h4 class=\"wp-block-heading\">(Offenbach \/ K 40) &#8211; Verkehrsunfall mit zwei schwer verletzten Personen<\/h4>\n\n\n\n<p>Ein schwerer Verkehrsunfall zwischen zwei Pkw ereignete sich am  28.2.2019, gegen 19.20 Uhr auf der K40 bei der Einm\u00fcndung zur Neum\u00fchle.  Ein 27-j\u00e4hriger Pkw-Fahrer befuhr die K40 in Richtung Hochstadt und  kollidierte an der Einm\u00fcndung mit einem als Linksabbieger aus der  Neum\u00fchle kommenden 26-j\u00e4hrigen Pkw-Fahrer. Dieser hatte die Vorfahrt des  auf der K40 fahrenden Pkw missachtet. Beide Pkw-Fahrer mussten mit  schweren Verletzungen nach der Erstversorgung in die Landauer  Krankenh\u00e4user verbracht werden. Es entstand erheblicher Sachschaden an  beiden Pkw. F\u00fcr die Rettungsma\u00dfnahmen und Unfallaufnahme musste die K40  f\u00fcr 1 Stunde voll gesperrt werden. <\/p>\n\n\n\n<h4 class=\"wp-block-heading\">(Essingen) &#8211; Verkehrsunfall<\/h4>\n\n\n\n<p>Bei einem Auffahrunfall zwischen zwei Pkw wurde am 27.2.19, gegen 13.30  Uhr in Essingen, in der Kirchstra\u00dfe ein Beifahrer leicht verletzt. Das  verkehrsbedingte Abbremsen nahm die 20j\u00e4hrige Pkw-Fahrerin nicht wahr  und fuhr auf den Pkw des vorausfahrenden 51-j\u00e4hrigen Mannes auf. An  beiden Pkw entstand Sachschaden, wobei der aufgefahrene Pkw nicht mehr  fahrbereit war. <\/p>\n\n\n\n<h4 class=\"wp-block-heading\">Burrweiler &#8211; Versuchter Einbruch in PKW<\/h4>\n\n\n\n<p>In der Stra\u00dfe Am Brunnenh\u00e4usel versuchten diese Woche bisher unbekannte  T\u00e4ter bei einem PKW Mercedes Benz A-Klasse verschiedene Scheiben  einzuschlagen, um ins Innere zu gelangen. Die Scheiben splitterten  jedoch nur und der Einbruch wurde durch die T\u00e4ter abgebrochen. Der  Tatzeitraum k\u00f6nnte zwischen dem 24.02.-28.02. liegen. Hinweise \u00fcber  entsprechende Wahrnehmungen erbittet die Polizei in Edenkoben unter Tel  06323 9550 <\/p>\n\n\n\n<h4 class=\"wp-block-heading\">(Edenkoben) &#8211; Unf\u00e4higkeit und Sorglosigkeit f\u00fchren zu gef\u00e4hrlichem Hindernis<\/h4>\n\n\n\n<p>Gestern, am 28.02., etwa gegen 18:55h, befuhr ein PKW mit Anh\u00e4nger die  P\u00fcttlinger Str. Auf dem Anh\u00e4nger transportierte der Fahrer wenig  fachm\u00e4nnisch gesichert eine satinierte Glasplatte. Es musste so kommen,  die Platte fiel vom H\u00e4nger und zerbarst in 1000 kleine St\u00fcckchen. Der  Fahrer hatte zudem kein Verantwortungsbewusstsein und entfernte sich,  nach Begutachtung des Missgeschicks, von der \u00d6rtlichkeit. Die  Glasscherben \u00fcberdeckten teils die ganze Fahrbahnbreite und stellten f\u00fcr  den Verkehr in der Dunkelheit eine erhebliche Gefahr dar. Polizei und  Anwohner (mit daf\u00fcr umso gr\u00f6\u00dferem Verantwortungsgef\u00fchl) kehrten  gemeinsam die Scherben auf. Den Fahrer k\u00f6nnte ein Strafverfahren wegen  eines gef\u00e4hrlichen Eingriffs in den Stra\u00dfenverkehr erwarten. Hinweise  \u00fcber den Fahrer und den Vorfall nimmt die Polizei in Edenkoben unter Tel  06323 9550 entgegen. <\/p>\n\n\n\n<h4 class=\"wp-block-heading\">(Edenkoben) &#8211; M\u00fclls\u00fcnder entledigen sich ihrer Pflichten<\/h4>\n\n\n\n<p>Am fr\u00fchen Abend des 28.02. wurde In den Seewiesen illegal entsorgter  M\u00fcll, in Form von zwei halbvollen Farbeimern, festgestellt. Wer  diesbez\u00fcglich Hinweise \u00fcber die Umwelts\u00fcnder geben kann, wendet sich  bitte an die Polizei Edenkoben unter Tel 06323 9550. <\/p>\n\n\n\n<h4 class=\"wp-block-heading\">(Edenkoben) &#8211; Auch bei sch\u00f6nem Wetter darf nicht gekifft werden<\/h4>\n\n\n\n<p>Bei fast sommerlichen Temperaturen, am Mittwoch dem 27.02., zogen bei einer 27 J\u00e4hrigen S\u00fcdpf\u00e4lzerin wegen ihres frischen Cannabis-Konsums, mit anschlie\u00dfender Autofahrt in eine Polizeikontrolle hinein, ein paar gro\u00dfe graue Regenw\u00f6lkchen auf. Die junge Frau muss nun mit einem Bu\u00dfgeld von  500EUR rechnen, sowie mit einem Monat Fahrverbot. Ihr F\u00fchrerschein und  der Fahrzeugschl\u00fcssel wurden zudem f\u00fcr mind. 48 Std. sichergestellt und  eine Mitteilung ergeht an die F\u00fchrerscheinstelle, die in eigener Regie  erneut die Eignung der jungen Frau zum F\u00fchren von KFZ \u00fcberpr\u00fcfen kann. <\/p>\n\n\n\n<h4 class=\"wp-block-heading\">(Neustadt) &#8211; Kupferkessel aus Garten gestohlen<\/h4>\n\n\n\n<figure class=\"wp-block-image\"><a href=\"https:\/\/cache.pressmailing.net\/content\/33e864cb-d4b1-4dd2-9724-fb42ca0d3a29\/190301-1.jpg?attachment=false.jpg\"><img decoding=\"async\" src=\"https:\/\/cache.pressmailing.net\/thumbnail\/story_big\/33e864cb-d4b1-4dd2-9724-fb42ca0d3a29\/pol-pdnw-kupferkessel-aus-garten-gestohlen\" alt=\"POL-PDNW: Kupferkessel aus Garten gestohlen\"\/><\/a><\/figure>\n\n\n\n<p>Unbekannte entwendeten am 26.02.2019 zwischen 18:00 und 22:00 Uhr einen  Kupferkessel, der in einem Garten in der Dr.-Sartorius-Stra\u00dfe stand.  Der oder die T\u00e4ter warfen das Gestell sowie den Inhalt des Kessels auf  den B\u00fcrgersteig. Der Schaden wird mit ca. 100 Euro beziffert. Zeugen  k\u00f6nnen sich bei der Polizei Neustadt melden. Telefonisch unter  06321-8540 oder per E-Mail unter <a href=\"mailto:pineustadt@polizei.rlp.de\">pineustadt@polizei.rlp.de<\/a>. <\/p>\n\n\n\n<h4 class=\"wp-block-heading\">(Maxdorf) &#8211; versuchter Einbruch<\/h4>\n\n\n\n<p>Im Zeitraum 27.02.2019 16:35 Uhr bis 28.02.2019 15:27 Uhr versucht der  unbekannte T\u00e4ter in der Sohlstra\u00dfe in Maxdorf in ein Einfamilienhaus  einzubrechen. Zun\u00e4chst wird die Holzt\u00fcr zum r\u00fcckw\u00e4rtigen Kellerbereich  aufgebrochen. Danach steht der T\u00e4ter vor einer massiven Metallt\u00fcr. Da er  nicht weiter kommt, wirft er eine Fensterscheibe ein, l\u00e4sst dann aber  von seinem Vorhaben ab. Er f\u00fchlt sich vermutlich gest\u00f6rt und gibt auf.  Ein vorgefundener Schraubendreher, der zum Aufhebeln der Holzt\u00fcr benutzt  worden sein d\u00fcrfte, wird durch die Polizei sichergestellt. <\/p>\n\n\n\n<p>Wer \nsachdienliche Hinweise zu dem genannten Fall geben kann, wird gebeten \nsich mit der Polizeiinspektion Frankenthal unter der Rufnummer \n06233\/313-0 oder der Polizeiwache Maxdorf unter der Rufnummer \n06237\/934-100 in Verbindung zu setzen. Hinweise k\u00f6nnen auch per E-Mail \nunter <a href=\"mailto:pifrankenthal@polizei.rlp.de\">pifrankenthal@polizei.rlp.de<\/a> an die Polizei \u00fcbermittelt werden. <\/p>\n\n\n\n<h4 class=\"wp-block-heading\">(Maxdorf)  &#8211; Entwendetes Fahrrad sichergestellt<\/h4>\n\n\n\n<figure class=\"wp-block-image\"><a href=\"https:\/\/cache.pressmailing.net\/content\/ca9a8564-1e04-4f31-907b-0e6370ee633b\/01032019BildsichergestelltesFahrradpressefrei.JPG?attachment=false.jpg\"><img decoding=\"async\" src=\"https:\/\/cache.pressmailing.net\/thumbnail\/story_big\/ca9a8564-1e04-4f31-907b-0e6370ee633b\/pol-pdlu-maxdorf-entwendetes-fahrrad-sichergestellt\" alt=\"POL-PDLU: (Maxdorf)  - entwendetes Fahrrad sichergestellt\"\/><\/a><\/figure>\n\n\n\n<p>Am 23.02.2019 um 09:20 Uhr meldet ein Anwohner ein Damenfahrrad,  welches in Maxdorf beim Fu\u00dfweg parallel zur L454 Weisenheimer Stra\u00dfe auf  H\u00f6he der Sohlstra\u00dfe in einer Gr\u00fcnfl\u00e4che liegt. Das wahrscheinlich  entwendete Fahrrad war hier durch den unbekannten T\u00e4ter abgelegt worden.  Das Fahrrad ist bei der Polizeiwache Maxdorf sichergestellt. Der  Eigent\u00fcmer ist bisher unbekannt. Es handelt sich um ein auff\u00e4lliges  Damenrad, Farbe Lila und Rosa der Marke Mc Kenzie mit zwei Fahrradk\u00f6rben  und einem Doppelst\u00e4nder. <\/p>\n\n\n\n<p>Der Eigent\u00fcmer wird gebeten sich bei der Polizeiwache in Maxdorf unter der Rufnummer 06237\/934-100 zu melden. <\/p>\n\n\n\n<h4 class=\"wp-block-heading\">Gemeinsame Presseerkl\u00e4rung von Staatsanwaltschaft Frankenthal\/Pfalz und Polizeipr\u00e4sidium Rheinpfalz  <\/h4>\n\n\n\n<h4 class=\"wp-block-heading\">(Lambsheim \/ Frankenthal \/ Bobenheim-Roxheim) &#8211; 6 \u00dcberfalle im Bereich Frankenthal gekl\u00e4rt<\/h4>\n\n\n\n<p>Seit\n Dezember 2018 bis Februar 2019 kam es zu f\u00fcnf \u00dcberf\u00e4llen auf Apotheken \nin Lambsheim, Frankenthal und Bobenheim-Roxheim. Dar\u00fcber hinaus wurde \neine B\u00e4ckerei in Frankenthal \u00fcberfallen. Nach intensiven Ermittlungen \nund kriminaltaktischen Ma\u00dfnahmen hat die Staatsanwaltschaft Frankenthal \nmit Beamten der Kriminalinspektion Ludwigshafen am 28.02.2019 mehrere \nWohnungen im Bereich Frankenthal durchsucht. Durch die dabei \nsichergestellten Beweismitteln sowie die umfangreichen Ermittlungen \nkonnten bislang sechs \u00dcberf\u00e4lle gekl\u00e4rt werden, bei denen ein Schaden \nvon mehreren tausend Euro entstand. Bei den Beschuldigten handelt es \nsich um f\u00fcnf junge M\u00e4nner im Alter von 14 Jahren bis 18 Jahren aus \nFrankenthal, die die Taten in wechselnder Besetzung begangen haben. Des \nWeiteren wird einem Teil der Gruppe vorgeworfen weitere Raub\u00fcberfalle \ngeplant, sowie eine schwere r\u00e4uberische Erpressung in Frankenthal \nbegangen zu haben. Vier Beschuldigte der T\u00e4tergruppierung wurden am \n28.02.2019 dem Haftrichter vorgef\u00fchrt, der auf Antrag der \nStaatsanwaltschaft Frankenthal gegen zwei Jugendliche Haftbefehl wegen \nschwerer r\u00e4uberischer Erpressung erlie\u00df. Die beiden jungen M\u00e4nner kamen \nin eine Justizvollzugsanstalt. Bei einem 15- und einem 18-J\u00e4hriger wurde\n der Haftbefehl gegen Auflagen au\u00dfer Vollzug gesetzt. Ein Beschuldigter \nbefindet sich bereits seit dem 22.02.2019 in Untersuchungshaft. <\/p>\n\n\n\n<h4 class=\"wp-block-heading\">(Frankenthal) &#8211; Unter Drogeneinfluss mit Mofa unterwegs<\/h4>\n\n\n\n<p>Bei der Kontrolle eines 25j\u00e4hrigen Frankenthalers am 27.02.2019, gegen  13:25 Uhr, welcher mit seinem Mofa die M\u00f6rscher Stra\u00dfe von Frankenthal  bef\u00e4hrt, stellen die kontrollierenden Beamten der Polizei Frankenthal  fest, dass der Fahrer unter dem Einfluss von Bet\u00e4ubungsmitteln steht.  Dem Mofafahrer wird eine Blutprobe entnommen und gegen ihn wird ein  Strafverfahren eingeleitet. <\/p>\n\n\n\n<h4 class=\"wp-block-heading\">(Frankenthal) &#8211; Verkehrsunfallflucht I<\/h4>\n\n\n\n<p>Im Zeitraum vom 26.02.2019, 18:00 Uhr, bis 27.02.2019, 10:30 Uhr,  besch\u00e4digt ein bislang unbekannter Fahrzeugf\u00fchrer in der Danziger Stra\u00dfe  von Frankenthal eine zum Parken abgestellten Kia Ceed. Der Schaden an  der vorderen Sto\u00dfstange des Kia bel\u00e4uft sich auf ca. 500,- EUR. <\/p>\n\n\n\n<p>Wer\n sachdienliche Hinweise zu dem genannten Fall geben kann, wird gebeten \nsich mit der Polizeiinspektion Frankenthal unter der Rufnummer \n06233\/313-0 oder der Polizeiwache Maxdorf unter der Rufnummer \n06237\/934-100 in Verbindung zu setzen. Hinweise k\u00f6nnen auch per E-Mail \nunter <a href=\"mailto:pifrankenthal@polizei.rlp.de\">pifrankenthal@polizei.rlp.de<\/a> an die Polizei \u00fcbermittelt werden. <\/p>\n\n\n\n<h4 class=\"wp-block-heading\">(Frankenthal) &#8211; Verkehrsunfallflucht II<\/h4>\n\n\n\n<p>Ein bislang unbekannter Fahrzeugf\u00fchrer besch\u00e4digt am 26.02.2019,  zwischen 07:55 Uhr und 23:00 Uhr, einen zum Parken abgestellten Nissan  Micra in der Hammstra\u00dfe von Frankenthal und entfernt sich anschlie\u00dfend  unerlaubt von der Unfallstelle ohne sich um den entstandenen Schaden in  H\u00f6he von 2000,- EUR an der linken Fahrzeugseite des Micra zu k\u00fcmmern. <\/p>\n\n\n\n<p>Wer  sachdienliche Hinweise zu dem genannten Fall geben kann, wird gebeten  sich mit der Polizeiinspektion Frankenthal unter der Rufnummer  06233\/313-0 oder der Polizeiwache Maxdorf unter der Rufnummer  06237\/934-100 in Verbindung zu setzen. Hinweise k\u00f6nnen auch per E-Mail  unter <a href=\"mailto:pifrankenthal@polizei.rlp.de\">pifrankenthal@polizei.rlp.de<\/a> an die Polizei \u00fcbermittelt werden. <\/p>\n\n\n\n<h4 class=\"wp-block-heading\">(Frankenthal) &#8211; Fahrraddiebstahl<\/h4>\n\n\n\n<p>Bislang unbekannte T\u00e4ter entwenden  am 18.02.2019, zwischen 19:00 Uhr  und 21:00 Uhr, ein Damenfahrrad der Marke Hercules in der Roxheimer  Stra\u00dfe im Bereich des Anwesens mit der Hausnummer 5. Das Fahrrad hat  einen Wert von ca. 540,- EUR. <\/p>\n\n\n\n<p>Wer sachdienliche Hinweise zu dem \ngenannten Fall geben kann, wird gebeten sich mit der Polizeiinspektion \nFrankenthal unter der Rufnummer 06233\/313-0 oder der Polizeiwache \nMaxdorf unter der Rufnummer 06237\/934-100 in Verbindung zu setzen. \nHinweise k\u00f6nnen auch per E-Mail unter <a href=\"mailto:pifrankenthal@polizei.rlp.de\">pifrankenthal@polizei.rlp.de<\/a> an die Polizei \u00fcbermittelt werden. <\/p>\n\n\n\n<h4 class=\"wp-block-heading\">(Kleinniedesheim) &#8211; Alkoholisiert mit PKW gefahren<\/h4>\n\n\n\n<p>Am 28.02.2019, gegen 01:20 Uhr, f\u00e4llt einer Streife der Polizei  Frankenthal ein PKW im Bereich der L457 zwischen Bobenheim-Roxheim und  Kleinniedesheim auf, welcher mehrfach auf gerader Strecke \u00fcber die  Mittellinie f\u00e4hrt. Bei der Kontrolle im Bereich des Ortseingangs von  Kleinniedesheim wird durch die kontrollierenden Beamten Alkoholgeruch in  der Atemluft des 21j\u00e4hrigen Fahrers festgestellt. Ein Atemalkoholtest  ergibt einen Wert von \u00fcber einem Promille. Dem aus dem n\u00f6rdlichen  Rhein-Pfalz-Kreis stammenden jungen Mann wird eine Blutprobe entnommen  und der F\u00fchrerschien  sichergestellt. Es wird ein Ermittlungsverfahren  wegen Trunkenheit im Verkehr eingeleitet. <\/p>\n\n\n\n<h4 class=\"wp-block-heading\">(Bobenheim-Roxheim) &#8211; Sachbesch\u00e4digung an PKW<\/h4>\n\n\n\n<p>Am 28.02.2019, zwischen 17:00 Uhr und 18:30 Uhr, zerkratzen bislang  unbekannte T\u00e4ter in Bobenheim-Roxheim einen in der Gr\u00fcnstadter Stra\u00dfe im  Bereich der Hausnummer 13 abgestellten Mercedes-Benz CLA. Der  Sachschaden an der Fahrert\u00fcr des PKW bel\u00e4uft sich auf ca. 1500,- EUR. <\/p>\n\n\n\n<p>Wer  sachdienliche Hinweise zu dem genannten Fall geben kann, wird gebeten  sich mit der Polizeiinspektion Frankenthal unter der Rufnummer  06233\/313-0 oder der Polizeiwache Maxdorf unter der Rufnummer  06237\/934-100 in Verbindung zu setzen. Hinweise k\u00f6nnen auch per E-Mail  unter <a href=\"mailto:pifrankenthal@polizei.rlp.de\">pifrankenthal@polizei.rlp.de<\/a> an die Polizei \u00fcbermittelt werden. <\/p>\n\n\n\n<h4 class=\"wp-block-heading\">(Ludwigshafen) &#8211; Gr\u00fcnabfall auf Hauptstra\u00dfe entsorgt<\/h4>\n\n\n\n<figure class=\"wp-block-image\"><a href=\"https:\/\/cache.pressmailing.net\/content\/7058dadf-056e-411a-9f23-7884659b2b45\/Hauptstra%C3%9Fe.jpg?attachment=false.jpg\"><img decoding=\"async\" src=\"https:\/\/cache.pressmailing.net\/thumbnail\/story_big\/7058dadf-056e-411a-9f23-7884659b2b45\/pol-pprp-gruenabfall-auf-hauptstrasse-entsorgt\" alt=\"\"\/><\/a><\/figure>\n\n\n\n<p>Unbekannte haben in der Nacht von Donnerstag (28.02.2019) auf Freitag  (01.03.2019) Gr\u00fcnabf\u00e4lle auf der Hauptstra\u00dfe, auf H\u00f6he des dortigen  Friedhofs, entsorgt und dort liegen lassen. In dem Abfall befand sich  ein eingeflochtener Metallzaun. Die Polizei pr\u00fcft nun, ob ein  gef\u00e4hrlicher Eingriff in den Stra\u00dfenverkehr vorliegt und sucht nun  Verkehrsteilnehmer, die durch den Gr\u00fcnabfall gef\u00e4hrdet wurden. Zeugen  und gef\u00e4hrdete Verkehrsteilnehmer k\u00f6nnen sich bei Polizeiinspektion  Ludwigshafen 1, Telefonnummer 0621 963-2122 oder E-Mail <a href=\"mailto:piludwigshafen1@polizei.rlp.de\">piludwigshafen1@polizei.rlp.de<\/a> melden. <\/p>\n\n\n\n<h4 class=\"wp-block-heading\">(Ludwigshafen) &#8211; Jugendliche erpresst<\/h4>\n\n\n\n<p>155 Euro erbeuteten drei Jugendliche am Donnerstag (28.02.2019) von  einer vierk\u00f6pfigen Gruppe (13 bis 16 Jahre). Die Gruppe war gegen 15.30  Uhr im Bereich der Rheingalerie unterwegs, als sie von drei m\u00e4nnlichen  Jugendlichen mit Glasflaschen bedroht wurden und Bargeld forderten.  Daraufhin wurden 155 Euro Bargeld aus einem Geldbeutel und eine  Halskette herausgegeben. Die T\u00e4ter fl\u00fcchteten anschlie\u00dfend. Die T\u00e4ter  waren <\/p>\n\n\n\n<ul><li>zwischen 14 und 19 Jahre alt und <\/li><li>zwischen 1,65 m und 1,75 gro\u00df.  <\/li><\/ul>\n\n\n\n<p>Die Polizei bittet um Zeugenhinweise: Polizeiinspektion Ludwigshafen 1,  Telefonnummer 0621 963-2122 oder E-Mail <a href=\"mailto:piludwigshafen1@polizei.rlp.de\">piludwigshafen1@polizei.rlp.de<\/a>.<\/p>\n\n\n\n<h4 class=\"wp-block-heading\">(Ludwigshafen) &#8211; Smartphone aus Transporter gestohlen<\/h4>\n\n\n\n<p>Unbekannte schlugen in der Nacht von Mittwoch (27.02.2019) auf  Donnerstag (28.02.2019) die Seitenscheibe eines Transportes ein und  stahlen ein Smartphone sowie ein Navigationsger\u00e4t. Der Ford Transit  parkte im Tatzeitraum in der Rheinstra\u00dfe. Der Gesamtschaden bel\u00e4uft sich  auf 1300 Euro. <\/p>\n\n\n\n<p>Sachdienliche Hinweise nimmt die Kriminalpolizei Ludwigshafen unter der Telefonnummer 0621\/963-2773 oder per Email <a href=\"mailto:kiludwigshafen@polizei.rlp.de\">kiludwigshafen@polizei.rlp.de<\/a> entgegen. <\/p>\n\n\n\n<h4 class=\"wp-block-heading\">(Mannheim-Innenstadt) &#8211; Einbruch in R\u00e4umlichkeiten einer Apotheke \/ Zeugen gesucht!<\/h4>\n\n\n\n<p>In die Kellerr\u00e4ume einer Apotheke im Quadrat C1 brach ein bislang  Unbekannter im Laufe des Donnerstags ein. Im Hinterhof entfernte der  T\u00e4ter ein Metallgitter, um anschlie\u00dfend das Stahlgitter des  Kellerfensters zu durchtrennen. \u00dcber das Fenster drang er dann in die  R\u00e4umlichkeiten ein und machte sich im Inneren an einem Schrank zu  schaffen, aus welchem er mehrere hundert Euro mitgehen lie\u00df. Nachdem er  dann noch einen Tresor aufgeflext und aus diesem diverse  Bet\u00e4ubungsmittel gestohlen hatte, ergriff er in unbekannte Richtung die  Flucht. Die H\u00f6he des Diebstahl- und Sachschadens steht noch nicht fest. <\/p>\n\n\n\n<p>Zeugen,\n die verd\u00e4chtige Beobachtungen gemacht haben, werden gebeten, sich mit \ndem Polizeirevier Mannheim-Innenstadt unter Tel.: 0621\/1258-0 in \nVerbindung zu setzen. <\/p>\n\n\n\n<h4 class=\"wp-block-heading\">(Mannheim-Innenstadt) &#8211; Mercedes in Parkhaus besch\u00e4digt \/ Wer hat den Unfall beobachtet?<\/h4>\n\n\n\n<p>In einem Parkhaus im Quadrat N1 besch\u00e4digte ein bislang unbekannter  Autofahrer vermutlich beim Ein- oder Ausparken einen Mercedes-Benz und  machte sich im Anschluss aus dem Staub. Der PKW war am Mittwoch,  zwischen 11 Uhr und 19:30 Uhr, im zweiten Untergeschoss geparkt. Die  hintere Sto\u00dfstange sowie der rechte hintere Kotfl\u00fcgel wurden so sehr  besch\u00e4digt, dass der Gesch\u00e4digte Autohalter nun einen Schaden in H\u00f6he  von rund 4.000 Euro zu regulieren hat. <\/p>\n\n\n\n<p>Zeugen, die den Unfall  beobachtet haben oder Hinweise zum Unfallverursacher geben k\u00f6nnen,  werden gebeten, sich beim Polizeirevier Mannheim-Innenstadt unter Tel.:  0621\/1258-0 zu melden. <\/p>\n\n\n\n<h4 class=\"wp-block-heading\">(Mannheim-Innenstadt) &#8211; Getr\u00e4nkeautomat in Hotel aufgebrochen \/ Zeugen gesucht!<\/h4>\n\n\n\n<p>Am Mittwochmittag, gegen 13 Uhr, brach ein bislang unbekannter T\u00e4ter in  einem Hotel im Quadrat F4 einen Getr\u00e4nkeautomaten auf. \u00dcber einen  Seiteneingang gelangte der Unbekannte ins Innere und machte sich im  Anschluss gewaltsam an dem Automaten zu schaffen. Mit mehreren hundert  Euro, die er aus dem Automaten entwendete, ergriff er dann die Flucht.  Die H\u00f6he des Sachschadens wird auf mehrere Tausend Euro gesch\u00e4tzt. <\/p>\n\n\n\n<p>Zeugen,\n die verd\u00e4chtige Beobachtungen gemacht haben, werden gebeten, sich mit \ndem Polizeirevier Mannheim-Innenstadt unter Tel.: 0621\/1258-0 in \nVerbindung zu setzen. <\/p>\n\n\n\n<h4 class=\"wp-block-heading\">(Mannheim-Jungbusch) &#8211; Einbrecher geht bei Wohnungseinbruch leer aus \/ Zeugen gesucht!<\/h4>\n\n\n\n<p>Ein bislang unbekannter T\u00e4ter ging bei einem Wohnungseinbruch am  Donnerstag in der Dalbergstra\u00dfe leer aus. Der Unbekannte verschaffte  sich zwischen 9:30 Uhr und 20:45 Uhr durch Aufhebeln der Wohnungst\u00fcr  Zutritt ins Innere. Entwendet hatte er aus der Wohnung allerdings  nichts. Die H\u00f6he des Sachschadens wird auf ca. 500 Euro gesch\u00e4tzt. <\/p>\n\n\n\n<p>Zeugen,  die verd\u00e4chtige Beobachtungen gemacht haben, werden gebeten, sich beim  Polizeirevier Mannheim-Innenstadt unter Tel.: 0621\/1258-0 zu melden. <\/p>\n\n\n\n<h4 class=\"wp-block-heading\">(Mannheim-Lindenhof) &#8211; 67-J\u00e4hrige erhielt Anruf von Falschem Polizeibeamten<\/h4>\n\n\n\n<p>Eine 67-j\u00e4hrige Frau erhielt am Donnerstag, kurz nach 10 Uhr, einen  Anruf eines falschen Polizeibeamten. Der Mann erz\u00e4hlte der Gesch\u00e4digten,  dass man zwei Einbrecher festgenommen und bei diesen einen Zettel mit  den Bankdaten der Frau aufgefunden hat. Weiterhin st\u00fcnde darauf der  Hinweis auf ein Wert-Schlie\u00dffach. Der Betr\u00fcger fragte die Frau, ob sie  Schmuck und Bargeld daheim aufbewahre und versuchte mit dieser Masche an  Informationen \u00fcber m\u00f6gliche Wertgegenst\u00e4nde und Verm\u00f6gensverh\u00e4ltnisse  zu gelangen. Doch die Gesch\u00e4digte gab richtigerweise keine Informationen  preis. Als sie dem Unbekannten sagte, dass sie ihren Mann dazu holen  werde, beendete der Betr\u00fcger das Telefonat. Laut der Gesch\u00e4digten hatte  der Mann einen fr\u00e4nkischen Akzent. Die Ermittlungsgruppe Cash Down hat  die Ermittlungen aufgenommen. <\/p>\n\n\n\n<h4 class=\"wp-block-heading\">(Mannheim-Neckarstadt) &#8211; Zusammensto\u00df zwischen Streifenwagen der  Polizei und Autofahrerin \/ Zwei Beteiligte verletzt &#8211; Stra\u00dfenbahnverkehr  voll gesperrt<\/h4>\n\n\n\n<p>Bei einem Verkehrsunfall am Donnerstag um 16.30 Uhr an der Kreuzung  Mittelstra\u00dfe\/Draisstra\u00dfe wurden mindestens zwei Beteiligte verletzt.  Nach den bislang vorliegenden Erkenntnissen war die Besatzung eines  Funkstreifenwagens der Polizei mit Sondersignal auf der Mittelstra\u00dfe zu  einem Einsatz unterwegs, als von links aus der Draisstra\u00dfe eine  Autofahrerin die Stra\u00dfe querte und es zur Kollision kam. Die Fahrerin  wird derzeit in einem Rettungswagen versorgt, \u00fcber Verletzungen ist noch  nichts bekannt, mitfahrende Kinder sollen unversehrt sein. Die beiden  Polizeibeamten wurden in umliegende Kliniken eingeliefert. Der  Stra\u00dfenbahnverkehr in der Mittelstra\u00dfe in derzeit in beide Richtungen  voll gesperrt. Die weiteren Unfallermittlungen hat die Verkehrspolizei  \u00fcbernommen. <\/p>\n\n\n\n<h4 class=\"wp-block-heading\">Pressemeldung Nr. 2<\/h4>\n\n\n\n<p>Nach dem Verkehrsunfall am Donnerstag um 16.30 Uhr an der Kreuzung  Mittelstra\u00dfe\/Draisstra\u00dfe, konnte der Stra\u00dfenbahnverkehr nach Beendigung  der Unfallaufnahme gegen 17.50 Uhr wieder frei gegeben werden. Derzeit  erfolgen noch Reinigungsarbeiten durch eine Spezialfirma, die  ausgelaufene Betriebsstoffe bindet. Bei dem Unfall waren zwei  Polizeibeamten in umliegende Kliniken eingeliefert worden. Die  beteiligte Fahrerin und zwei mitfahrende Kinder wurden vorsorglich in  ein Krankenhaus gebracht. Die weiteren Unfallermittlungen f\u00fchrt die  Verkehrspolizei. <\/p>\n\n\n\n<h4 class=\"wp-block-heading\">(Mannheim-Neckarstadt) &#8211; Geldspielautomaten in Lokal aufgebrochen \/ Zeugen gesucht!<\/h4>\n\n\n\n<p>Am fr\u00fchen Mittwoch, zwischen 0:20 Uhr und 8:20 Uhr, brachen ein oder  mehrere bislang unbekannte T\u00e4ter in ein Lokal in der Alphornstra\u00dfe ein.  \u00dcber ein Fenster verschafften sich die Unbekannten gewaltsam Zutritt ins  Innere, wo sie anschlie\u00dfend zwei von drei Geldspielautomaten  aufhebelten. Aus diesen entwendeten sie eine noch unbekannte H\u00f6he an  Bargeld und ergriffen dann Flucht. Der genaue Sachschaden steht bislang  noch nicht fest. <\/p>\n\n\n\n<p>Zeugen, die verd\u00e4chtige Beobachtungen gemacht \nhaben, werden gebeten, sich mit dem Polizeirevier Mannheim-Neckarstadt \nunter Tel.: 0621\/3301-0 in Verbindung zu setzen. <\/p>\n\n\n\n<p>Personen, die \u00e4hnliche Anrufe erhalten haben, werden gebeten, sich an ihr \u00f6rtlich zust\u00e4ndiges Polizeirevier zu wenden. <\/p>\n\n\n\n<h4 class=\"wp-block-heading\">(Mannheim-Neckarstadt) &#8211; Erneuter Einbruch in Schulgeb\u00e4ude \/ T\u00e4ter kamen vermutlich gleich zwei Mal &#8211; Zeugen gesucht!<\/h4>\n\n\n\n<p>Erneut wurde in der Nacht von Dienstag auf Mittwoch in eine Schule in  der Maybachstra\u00dfe eingebrochen. Ein oder mehrere bislang unbekannte  T\u00e4ter hatten die hintere Hofeingangst\u00fcr eingeworfen und sich so Zutritt  zum Schulgeb\u00e4ude verschafft. Im Inneren drangen sie in mehrere  Klassenzimmer ein und durchsuchten diese. Sie stahlen diverse  Sportbekleidung, darunter mehrere Turnbeutel, und beschmierten unter  anderem einen Schreibtisch mit Farbe. Zudem wurden diverse Schl\u00fcssel  gestohlen. Der Wert des Diebesguts wird auf mehrere hundert Euro  gesch\u00e4tzt. Die H\u00f6he des Sachschadens d\u00fcrfte sich auf rund 1.500 Euro  belaufen. Als Tatzeit kommt Dienstag, 21 Uhr bis Mittwoch, 7:10 Uhr, in  Frage. <\/p>\n\n\n\n<p>Bereits in der Nacht zuvor war in das Schulgeb\u00e4ude \neingebrochen worden (wir berichteten). Ein Tatzusammenhang ist nicht \nauszuschlie\u00dfen. <\/p>\n\n\n\n<p>Zeugen, die verd\u00e4chtige Beobachtungen gemacht  haben, werden gebeten, sich beim Polizeirevier Mannheim-Neckarstadt  unter Tel.: 0621\/3301-0 zu melden. <\/p>\n\n\n\n<h4 class=\"wp-block-heading\">(Mannheim-Rheinau) &#8211; Bei Einbruch in Hotel, Bargeld gestohlen \/ Zeugen gesucht!<\/h4>\n\n\n\n<p>Die Rezeption eines Hotels im Edinger Riedweg suchte ein bislang  unbekannter T\u00e4ter in der Zeit von Mittwoch, 23 Uhr bis Donnerstag, 4:30  Uhr, heim. Der Unbekannte hatte sich gewaltsam Zutritt verschafft und an  der Rezeption aus der Kasse mehrere hundert Euro gestohlen.  Anschlie\u00dfend war er in unbekannte Richtung gefl\u00fcchtet. Ob und in welcher  H\u00f6he Sachschaden entstand, steht noch nicht fest. <\/p>\n\n\n\n<p>Zeugen, die  verd\u00e4chtige Wahrnehmungen gemacht haben, werden gebeten, sich beim  Polizeiposten Mannheim-Rheinau unter Tel.: 0621\/87682-0 oder beim  Polizeirevier Mannheim-Neckarau unter Tel.: 0621\/83397-0 zu melden. <\/p>\n\n\n\n<h4 class=\"wp-block-heading\">(Mannheim-K\u00e4fertal) &#8211; Missachtung der Vorfahrt f\u00fchrt zu Unfall \/ Verursacher fl\u00fcchtet<\/h4>\n\n\n\n<p>Am Freitagvormittag ereignete sich Auf dem Sand ein Verkehrsunfall,  wobei der Verursacher fl\u00fcchtete. Der bislang Unbekannte fuhr mit seinem  Fahrzeug von der Edisonstra\u00dfe kommend auf die Stra\u00dfe Auf dem Sand. Dabei  \u00fcbersah dieser wohl die vorfahrtsberechtigte Fahrerin eines Renaults,  welche in Richtung Obere Riedstra\u00dfe fuhr. Die 54-J\u00e4hrige leitete eine  Vollbremsung ein, kam jedoch aufgrund der regennassen Fahrbahn von der  Fahrbahn ab. Dabei stie\u00df sie mit einem geparkten Mercedes zusammen. Es  entstand ein Unfallschaden von mindestens 3.000 EUR. Der  Unfallverursacher setzte unbek\u00fcmmert seine Fahrt fort. Die Beamten des  Polizeireviers Mannheim-K\u00e4fertal haben die Ermittlungen aufgenommen. <\/p>\n\n\n\n<h4 class=\"wp-block-heading\">(Mannheim-Sandhofen) &#8211; Unfallflucht \/ Polizei sucht Zeugen<\/h4>\n\n\n\n<p>Einen Verkehrsunfall mit rund 5.000 Euro Sachschaden verursachte ein  unbekannter Autofahrer am Donnerstagnachmittag im Stadtteil Sch\u00f6nau. Der  Unbekannte war kurz nach 16 Uhr auf der B 44 (Frankenthaler Stra\u00dfe) auf  der rechten Fahrspur stadteinw\u00e4rts unterwegs. In H\u00f6he der Einm\u00fcndung  zur Graudenzer Linie zog er pl\u00f6tzlich nach links. Ein neben ihm  fahrender 34-j\u00e4hriger Mann wich mit seinem Mercedes nach links aus und  stie\u00df dabei gegen einen 44-j\u00e4hrigen Renault-Fahrer, der auf der  Linksabbiegerspur stand. Dabei entstand Sachschaden an beiden  Fahrzeugen. Der Unfallverursacher fuhr anschlie\u00dfend einfach weiter. Eine  Beschreibung des Fahrzeugs oder des Fahrers konnte bislang nicht  erlangt werden. <\/p>\n\n\n\n<p>Zeugen, die den Unfall beobachtet haben, werden  gebeten, sich beim Polizeirevier Mannheim-Sandhofen, Tel.: 0621\/77769-0  zu melden. <\/p>\n\n\n\n<h4 class=\"wp-block-heading\">(Mannheim \/ Heidelberg \/ Rhein-Neckar-Kreis) &#8211; Polizeiliche Bilanz &#8222;Schmutzigen Donnerstag&#8220;<\/h4>\n\n\n\n<p>Anl\u00e4sslich des &#8222;Schmutzigen Donnerstag&#8220; fanden im Pr\u00e4sidialbereich  mehrere, \u00fcberregional bekannte Faschingsveranstaltungen statt.  Schwerpunkte der \u00dcberwachungsma\u00dfnahmen waren die Veranstaltungen in  Helmstadt, Nu\u00dfloch, Malsch, Dielheim und Ofersheim. Die jeweils  zust\u00e4ndigen Reviere wurden durch Polizeibeamte der Einsatzz\u00fcge Mannheim  und Heidelberg unterst\u00fctzt. Es kam zu einer Vielzahl an alkoholbedingten  Ordnungsst\u00f6rungen, die in den h\u00e4ufigsten F\u00e4llen mit Platzverweisen  geahndet wurden. <\/p>\n\n\n\n<p>Nachdem ein 28-J\u00e4hriger in Dielheim auf einer \nVeranstaltung Becher in die Menschenmenge warf und daraufhin ein \nHausverbot f\u00fcr die Veranstaltung in der Pestalozzistra\u00dfe erhalten hatte,\n p\u00f6belte er Personen auf dem Vorplatz der Faschingsparty an. Er erhielt \neinen Platzverweis, kam diesen nicht nach, stattdessen fing er an zu \nrandalieren. Hierauf wurde er in Gewahrsam genommen und mit \nHandschlie\u00dfen gefesselt. Der 28-J\u00e4hrige beleidigte nun die \nPolizeibeamten. Ein bei ihm durchgef\u00fchrter Alkoholtest ergab 1,72 \nPromille. Der Mann wurde in einer Zelle untergebracht. <\/p>\n\n\n\n<p>Auch in \nHelmstadt-Bargen befolgte ein Mann mehrfach ausgesprochene Platzverweise\n nicht, er wurde ebenfalls eine Gewahrsamseinrichtung gebracht. <\/p>\n\n\n\n<p>In\n Oftersheim nahmen Beamte am Freitag gegen 02.40 Uhr auf dem \nRathausplatz einen Vorgang wegen wechselseitiger K\u00f6rperverletzung auf. \nBei einer Auseinandersetzung verlor ein 20-J\u00e4hriger mehrere \nSchneidez\u00e4hne, diese sollte ihm sein 21-J\u00e4hriger Kontrahent \nausgeschlagen haben. Eine Behandlung durch einen Rettungswagen lehnte \nder Gesch\u00e4digte ab. Beide Beteiligte standen erheblich unter dem \nEinfluss von Alkohol. <\/p>\n\n\n\n<p>Noch w\u00e4hrend der Aufnahme des Sachverhalts \nkam es auf dem Rathausplatz zu tumultartigen Szenen\/ \nK\u00f6rperverletzungsdelikten mit diversen Beteiligten. Nach derzeitigem \nStand der Ermittlungen gerieten zwei Personengruppen aneinander, welche \nbereits in einer Veranstaltungshalle in Streit geraten waren und \ndaraufhin Hausverbote erhalten hatten. Da Platzverweise nicht befolgt \nwurden und um weitere Eskalationen abzuwenden, die Personengruppen zu \ntrennen,  wurde Pfefferspray gegen die Gruppen und gegen einen \n19-J\u00e4hrigen ein Schlagstock eingesetzt. Mehrere Personen wurden wegen \ndes Pfeffersprayeinsatzes vom Rettungsdienst behandelt werden. Der \n19-J\u00e4hrige wurde in Gewahrsam genommen, hier beleidigte er Beamte des \nPolizeireviers Schwetzingen. Die Ermittlungen hierzu dauern an. <\/p>\n\n\n\n<p>Au\u00dferdem\n leistete ein 22-j\u00e4hriger w\u00e4hrend seiner Identit\u00e4tsfeststellung und \nvorl\u00e4ufigen Festnahme Widerstand gegen Vollstreckungsbeamte. Er hatte \nzuvor herumgeschrien und gep\u00f6belt, im weiteren Verlauf die eingesetzten \nBeamten zu einem &#8222;Mann gegen Mann Duell&#8220; aufgefordert. Bei den \nWiderstandshandlungen wurde ein Polizeibeamter verletzt. <\/p>\n\n\n\n<h4 class=\"wp-block-heading\">(Mannheim \/ Heidelberg) &#8211; Starker Anstieg der Radunf\u00e4lle und Anzahl der  Verletzten \/ Verkehrspolizei wiederholt zum Auftakt der Radsaison  intensive \u00dcberwachung der Hauptunfallursachen.<\/h4>\n\n\n\n<p>In Heidelberg stieg die Zahl der Radunf\u00e4lle um 15,3 Prozent auf 376  (2017: 326). Dabei Verungl\u00fcckten 313 (274) Radfahrende (+14,2%). In  Mannheim ist gar eine Zunahme um 19,1 % zu beklagen. Die  Verungl\u00fccktenzahl stieg auf 347 (284), um 22,2%. <\/p>\n\n\n\n<p>&#8222;Nat\u00fcrlich ist \ndas auch eine Folge der ungew\u00f6hnlich langen Sch\u00f6nwetterperiode des \nletzten Jahres und dem damit verbundenen Anstieg des Radverkehrsanteils,\n ist sich der Verkehrspolizeichef Dieter Sch\u00e4fer bewusst. &#8222;Dem stehen \njedoch die ern\u00fcchternden Zahlen der Verkehrsverst\u00f6\u00dfe der Radfahrenden im\n Kontrollmonat November entgegen. Wie angek\u00fcndigt starten wir ab \nAschermittwoch einen erneuten Kontrollschwerpunkt bis Ende des Monats \nM\u00e4rz. &#8222;Wir wollen die Radfahrenden gleich zu Beginn der Saison auf die \nunfalltr\u00e4chtigen Fehlverhaltensweisen aufmerksam machen. Dabei gibt es \nUnterschiede in den beiden gro\u00dfen St\u00e4dten. <\/p>\n\n\n\n<p>In Heidelberg sind \neinige der Hauptursachen auch dem hohen Radverkehrsanteil geschuldet. So\n stehen &#8222;ungen\u00fcgender Sicherheitsabstand&#8220;, &#8222;Fehler beim Einfahren in den\n flie\u00dfenden Verkehr&#8220; und nicht angepasste Geschwindigkeit&#8220; auf den \nvorderen Pl\u00e4tzen. Aber auch Rotlicht- und andere Vorfahrtsverst\u00f6\u00dfe \nfinden sich genauso in der Top Ten, wie das &#8222;Geisterfahren&#8220; oder die \n&#8222;Fehler, insbesondere beim Linksabbiegen&#8220;. <\/p>\n\n\n\n<p>In Mannheim ist der \nRadverkehrsanteil am Gesamtverkehr zwar ansteigend, aber noch deutlich \ngeringer als in Heidelberg. Hier f\u00fchrt die Hitliste der Verst\u00f6\u00dfe das \n&#8222;Geisterfahren&#8220; an. Es folgt &#8222;ungen\u00fcgender Sicherheitsabstand&#8220; und dann \nkommen auch schon die &#8222;Rotlichtverst\u00f6\u00dfe und sonstigen \nVorfahrtsverletzungen&#8220;. <\/p>\n\n\n\n<p>F\u00fcr Sch\u00e4fer steht zun\u00e4chst ein \nAufmerksamkeitsdefizit beim Fahren im Pulk fest. Er erinnert an die \nPhilosophie der aktionplus5.de: Wer sich bewusst f\u00fcnf Minuten mehr Zeit \nf\u00fcr seinen Weg von und zur Arbeit nimmt, dabei die Regeln beachtet, \nkommt entspannter und vor allem unfallfrei ans Ziel. <\/p>\n\n\n\n<p>Schuldbewusst\n sollten die Radfahrenden sein, die rote Ampeln und Vorfahrtsregeln \nmissachten oder verbotswidrig auf der falschen Seite oder Fahrbahn \nfahren. Das Linksfahren erh\u00f6ht das Unfallrisiko um das bis zu Zehnfache.\n Sch\u00e4fer empfiehlt deshalb gerade beim zul\u00e4ssigen Linksfahren besondere \nUmsicht und defensive Fahrweise. Aufmerksamkeit ist auch beim Abbiegen \nund hier insbesondere beim Linksabbiegen angezeigt. Denn weiterhin birgt\n eines der gr\u00f6\u00dften Verletzungsrisiken der Unfall zwischen Radfahrenden \nund PKW. Rund 40% der erfassten Unf\u00e4lle und Verletztenzahlen resultieren\n aus diesem Unfallkonflikt. <\/p>\n\n\n\n<p>&#8222;Im Rahmen der aktionplus5.de wird  deshalb auch wieder intensiv der Schulterblick und der holl\u00e4ndische  Griff beim Aussteigen f\u00fcr motorisierte Verkehrsteilnehmer thematisiert&#8220;  k\u00fcndigt Sch\u00e4fer eine Kampagne der beteiligten Aktionspartner an. Zuletzt  mahnt er den Verzicht auf SMART-Phone Nutzung bei der aktiven  Verkehrsteilnahme f\u00fcr alle Verkehrsteilnehmer an. Experten nehmen  Ablenkung durch SMART-Phones als Unfallursache bei mittlerweile jedem 5.  Unfall an. Unfallvermeidung geht nur gemeinsam und regeltreu. Das  versuchen die Verkehrspolizisten bei ihren \u00dcberwachungsma\u00dfnahmen im M\u00e4rz  bewusst zu machen. <\/p>\n\n\n\n<h4 class=\"wp-block-heading\">(Heidelberg-Altstadt) &#8211; 24-j\u00e4hriger Fahrradfahrer bei Sturz leicht verletzt<\/h4>\n\n\n\n<p>Bei einem Sturz am fr\u00fchen Freitagmorgen in der Heidelberger Altstadt  verletzte sich ein 24-j\u00e4hriger Fahrradfahrer. Der junge Mann war kurz  vor 2 Uhr in der Pl\u00f6ck in Richtung Sofienstra\u00dfe unterwegs und unterhielt  sich dabei mit einem Freund, der auf einem Longboard neben ihm herfuhr.  Aus bislang unbekannten Gr\u00fcnden kam der Radler pl\u00f6tzlich zu Fall und  st\u00fcrzte auf die Fahrbahn. Dabei zog er sich Verletzungen im Gesicht zu.  Er wurde zur Behandlung in ein Krankenhaus eingeliefert. <\/p>\n\n\n\n<h4 class=\"wp-block-heading\">(Heidelberg-Altstadt) &#8211; Wohnungseinbruch in der Hauptstra\u00dfe \/ Zeugen gesucht!<\/h4>\n\n\n\n<p>In der Hauptstra\u00dfe, in H\u00f6he der Stra\u00dfe &#8222;Heumarkt&#8220;, wurde am Donnerstag,  zwischen 16:30 Uhr und 17 Uhr, in eine Wohnung eingebrochen. Ein  bislang unbekannter T\u00e4ter hatte sich auf ungekl\u00e4rte Art und Weise Zugang  zu dem Mehrfamilienhaus verschafft und im 1. Obergeschoss die Scheibe  der Wohnungst\u00fcr eingeschlagen. \u00dcber diese drang er in die Wohnung ein  und durchsuchte mehrere Schr\u00e4nke und Schubladen nach Brauchbarem. Nach  derzeitigem Kenntnisstand wurden zwei Konsolen, zwei Laptops und eine  Damenuhr entwendet. Die H\u00f6he des Diebstahl- und Sachschadens steht noch  nicht fest. <\/p>\n\n\n\n<p>Zeugen, die verd\u00e4chtige Beobachtungen gemacht haben,  werden gebeten, sich beim Polizeirevier Heidelberg-Mitte unter Tel.:  06221\/99-1700 zu melden. <\/p>\n\n\n\n<h4 class=\"wp-block-heading\">(Heidelberg-Weststadt) &#8211; Kasse aus Schnellrestaurant entwendet<\/h4>\n\n\n\n<p>Ein bislang Unbekannter entwendete am fr\u00fchen Freitagmorgen eine Kasse  \u00fcber den Fahrzeugschalter eines Schnellrestaurants. Der T\u00e4ter ging gegen  06:40 Uhr zu Fu\u00df durch den Drive-In in der Hebelstra\u00dfe und schob die  Scheibe des Schalters auf, griff in nach der Kasse und floh anschlie\u00dfend  mit dieser. Eine Mitarbeiterin bemerkte gerade noch die Flucht des  Mannes und beschreibt diesen wie folgt: sehr jung, hellere Haare, wei\u00dfe  Hautfarbe, schlank. Trug eine helle Jacke. In der Kasse befanden sich  knapp 100 EUR Wechselgeld. Zeugen werden gebeten, sich unter 06221  991700 an die Beamten des Polizeireviers Heidelberg-Mitte zu wenden. <\/p>\n\n\n\n<h4 class=\"wp-block-heading\">(Walldorf \/ A 5 \/ Rhein-Neckar-Kreis) &#8211; Verkehrsunfall mit schwer verletzter Person<\/h4>\n\n\n\n<p>Eine schwerverletzte Person und betr\u00e4chtlicher Sachschaden sind das  Ergebnis eines Verkehrsunfalls am Freitagvormittag auf der A 5 bei  Walldorf. Eine 48-j\u00e4hrige Frau wollte kurz vor 11 Uhr mit ihrem Mercedes  SLK an der Anschlussstelle Walldorf\/Wiesloch auf die A 5 in Richtung  Frankfurt auffahren. Vermutlich aufgrund ihrer nicht den  Witterungsverh\u00e4ltnissen angepassten Geschwindigkeit geriet sie zu Beginn  des Beschleunigungsstreifens ins Schleudern und drehte sich um 180  Grad. Dabei prallte sie gegen die Fahrzeugfront einer auf der rechten  Fahrspur befindlichen Sattelzugmaschine. Im weiteren Verlauf schleuderte  der Mercedes gegen die Mitteilleitplanken, drehte sich erneut und kam  schlie\u00dflich schr\u00e4g zur Fahrtrichtung zum Stehen. Dabei stie\u00df der  Mercedes erneut gegen den Sattelzug. Dieser kam am Ende des  Beschleunigungsstreifens auf der rechten Fahrspur zum Stehen. <\/p>\n\n\n\n<p>Die\n 48-J\u00e4hrige erlitt schwere Verletzungen im Gesicht und an den Beinen. \nSie wurde nach not\u00e4rztlicher Erstversorgung in ein Krankenhaus \neingeliefert. <\/p>\n\n\n\n<p>Sowohl der Mercedes als auch der Sattelzug wurden \nabgeschleppt. Der Sachschaden wir auf rund 25.000 Euro gesch\u00e4tzt. Aus \nden beiden beteiligten Fahrzeugen liefen Betriebsmittel aus. Die \nFahrbahn wurde durch die Freiwillige Feuerwehr Walldorf gereinigt. <\/p>\n\n\n\n<p>W\u00e4hrend  der Unfallaufnahme war die Fahrbahn in Richtung Frankfurt bis ca. 11.40  Uhr voll gesperrt. Anschlie\u00dfend wurde der Verkehr bis 12.30 Uhr \u00fcber  den Beschleunigungsstreifen an der Unfallstelle vorbeigef\u00fchrt. Ab 12.30  wurden alle Sperrungen aufgehoben. Es bildete sich ein R\u00fcckstau von bis  zu 12 Kilometern L\u00e4nge. <\/p>\n\n\n\n<h4 class=\"wp-block-heading\">(Nu\u00dfloch \/ Rhein-Neckar-Kreis) &#8211; Rauchmelder alarmiert Nachbar \/ Verbranntes Essen auf Herd verqualmt K\u00fcche &#8211; ein Bewohner wegen Verdacht  auf Rauchgasvergiftung in Klinik gebracht<\/h4>\n\n\n\n<p>F\u00fcr einen Polizei- und Feuerwehreinsatz sorgte am Donnerstag gegen  20.30 Uhr auf dem eingeschalteten Herd vergessenes Essen in der  Kollwitzstra\u00dfe. Ein Nachbar war auf einen piepsenden Rauchmelder  aufmerksam geworden und stellte beim Nachschauen fest, dass die K\u00fcche  verqualmt war. Daraufhin verst\u00e4ndigte er die Polizei. Durch eine T\u00fcr  konnte eine schlafende Person entdeckt werden, worauf die Terrassent\u00fcr  ge\u00f6ffnet wurde. Auf Zurufe wachte der Mann auf und kam ins Freie. Da der  Verdacht auf Rauchgasvergiftung bestand, wurde der 72-J\u00e4hrige in eine  Klinik nach Heidelberg gebracht. Die Freiwillige Feuerwehr aus Nu\u00dfloch,  die mit vier Fahrzeugen und 15 Wehrm\u00e4nnern anr\u00fcckte, nahm das Essen vom  Herd und l\u00fcftete die Wohnung. Zu einem Brand war es noch nicht gekommen.  <\/p>\n\n\n\n<h4 class=\"wp-block-heading\">(St. Leon-Rot \/ Rhein-Neckar-Kreis) &#8211; Pkw gef\u00e4hrdet Schwertransport mit schrottreifem Panzer \/ Zeugen gesucht<\/h4>\n\n\n\n<p>Am 28.02.2019, gg. 14.35 Uhr, befuhr ein 51-J\u00e4hriger mit seinem  holl\u00e4ndischen Schwertransportfahrzeug die BAB 5 in n\u00f6rdlicher Richtung  und wollte am Autobahnkreuz Walldorf auf die BAB 6 in Richtung Mannheim  abbiegen. Zu diesem Zeitpunkt hatte sich zwischen der AS Kronau und dem  ABK Walldorf ein Stau gebildet. Er fuhr am Beginn der Parallelfahrbahn  der BAB 5 am ABK Walldorf mit einer Geschwindigkeit von ca. 10 km\/h, als  pl\u00f6tzlich ein Pkw vom linken Fahrstreifen der BAB 5 \u00fcber den rechten  Fahrstreifen und die Sperrfl\u00e4che vor ihm nach rechts wechselte und den  Fahrweg schnitt. Um ein Auffahren zu vermeiden, musste er voll bis zum Stillstand abbremsen, wobei zwei von sechs Ketten, mit welchen ein geladener Panzer gesichert war, rissen. Hierdurch stand der ausrangierte Br\u00fcckenpanzer der Schweizer Streitkr\u00e4fte, der zum Verschrotten nach Holland transportiert wird, etwas schr\u00e4g auf dem Sattelauflieger. Der  Schwertransport musste unter Polizeibegleitung zur TuR Hardtwald  begleitet werden, wo der Panzer wieder richtig aufgeladen und gesichert  wurde. Bez\u00fcglich des Verursachers ist nur bekannt, dass es sich um ein  kleines Fahrzeug mit grauer Farbe handelt. Zeugen des Vorfalls werden  gebeten, sich beim Verkehrskommissariat Walldorf unter der 06227 \/  358260 zu melden. <\/p>\n\n\n\n<h4 class=\"wp-block-heading\">(Bammental \/ Rhein-Neckar-Kreis) &#8211; Unbekannte versuchen in Restaurant und Gesch\u00e4ft einzudringen \/ Zeugen gesucht!<\/h4>\n\n\n\n<p>In der Zeit von Mittwoch, 20 Uhr bis Donnerstag, 10 Uhr, versuchten ein  oder mehrere bislang unbekannte T\u00e4ter an einem Geb\u00e4udekomplex in der  Reilsheimer Stra\u00dfe mehrere T\u00fcren aufzuhebeln. Die Unbekannten machten  sich gewaltsam an drei T\u00fcren eines Restaurants zu schaffen, welche sich  allerdings nicht \u00f6ffnen lie\u00dfen. Im Anschluss versuchten sie im selben  Geb\u00e4ude in ein Gesch\u00e4ft einzudringen, doch auch hier blieben die  Hebelversuche erfolglos. Ohne Beute waren sie dann gefl\u00fcchtet. An den  T\u00fcren entstand lediglich geringer Sachschaden. <\/p>\n\n\n\n<p>Zeugen, die  verd\u00e4chtige Beobachtungen gemacht haben, werden gebeten, sich beim  Polizeirevier Neckargem\u00fcnd unter Tel.: 06223\/9254-0 zu melden. <\/p>\n\n\n\n<h4 class=\"wp-block-heading\">(Sinsheim \/ A 6 \/ Rhein-Neckar-Kreis) &#8211; Auffahrunfall mit vier beteiligten Fahrzeugen<\/h4>\n\n\n\n<p>Bei einem Auffahrunfall mit vier beteiligten Fahrzeugen am  Mittwochabend auf der A 6 bei Sinsheim wurden zwei Personen leicht  verletzt und es entstand erheblicher Sachschaden. Ein 41-j\u00e4hriger Mann  war kurz nach 18 Uhr mit seinem Audi auf dem linken Fahrstreifen der A 6  in Richtung Mannheim unterwegs. Zwischen den Anschlussstellen  Sinsheim-S\u00fcd und Wiesloch\/Rauenberg fuhr er, vermutlich aufgrund zu  geringen Abstands, einem vor ihm bremsenden 53-j\u00e4hrigen Opel-Fahrer  hinten auf und schob diesen auf einen weiteren, verkehrsbedingt  stehenden Mercedes. Dieser wiederum wurde auf einen davor stehenden  Streifenwagen der Autobahnpolizei Walldorf geschoben. Bei dem  Zusammenprall erlitten die beiden Insassen im Opel leichte Verletzungen  und wollten sich selbst\u00e4ndig in \u00e4rztliche Behandlung begeben. Der Audi  war nicht mehr fahrbereit und musste abgeschleppt werden. Der  Sachschaden wird auf rund 10.000 Euro gesch\u00e4tzt. <\/p>\n\n\n\n<p>Bis zum  Abschluss der Abschleppma\u00dfnahmen gegen 19.45 Uhr war der linke  Fahrstreifen gesperrt. Es ergab sich ein R\u00fcckstau von bis zu 6  Kilometern L\u00e4nge. <\/p>\n\n\n\n<h4 class=\"wp-block-heading\">(Schriesheim \/ Rhein-Neckar-Kreis) &#8211; 59-j\u00e4hrige Radfahrerin bei Zusammenprall mit Auto verletzt<\/h4>\n\n\n\n<p>Bei einem Zusammenprall mit dem Auto einer 64-j\u00e4hrigen Autofahrerin am  Donnerstag um 12.25 Uhr an der Kreuzung Ladenburger Stra\u00dfe\/Ladenburger  Fu\u00dfweg wurde eine 59-j\u00e4hrige Radfahrerin verletzt. Nach den bisherigen  Unfallermittlungen war die Radfahrerin auf dem Radweg parallel zur  Ladenburger Stra\u00dfe unterwegs und wurde an der Kreuzung von dem Seat  erfasst. Die 59-J\u00e4hrige stie\u00df mit dem Kopf gegen das Fahrzeugdach und  fiel anschlie\u00dfend zu Boden. Die Verletzte wurde mit einem Rettungswagen  in eine Klinik nach Heidelberg eingeliefert, wo sie zun\u00e4chst station\u00e4r  aufgenommen wurde. Die Ermittlungen der Verkehrspolizei in Mannheim  dauern derzeit noch an.<\/p>\n\n\n\n<h4 class=\"wp-block-heading\">(Ladenburg \/ Mannheim \/ Heidelberg \/ Rhein-Neckar-Kreis) &#8211; Wer vermisst seinen Schmuck, vermeintliches Diebesgut beschlagnahmt, Eigent\u00fcmer gesucht!<\/h4>\n\n\n\n<figure class=\"wp-block-image\"><a href=\"https:\/\/cache.pressmailing.net\/content\/4e9f2267-29f3-43df-8bca-03beaa8db9b3\/Festina.jpg?attachment=false.jpg\"><img decoding=\"async\" src=\"https:\/\/cache.pressmailing.net\/thumbnail\/story_big\/4e9f2267-29f3-43df-8bca-03beaa8db9b3\/pol-ma-ladenburg-mannheim-heidelberg-rhein-neckar-kreis-wer-vermisst-seinen-schmuck-vermeintliches-d\" alt=\"\"\/><\/a><\/figure>\n\n\n\n<p>Wie bereits berichtet, wurden am 01.02.2019 zwei rum\u00e4nische  Staatsangeh\u00f6rige wegen des Verdachts des Wohnungseinbruchsdiebstahls in  Haft genommen. Die dringend Tatverd\u00e4chtigen sollen in der Nacht vom  14.01. auf den 15.01.2019 in ein Geb\u00e4ude im Hinteren Rindweg in  Ladenburg eingebrochen sein. <\/p>\n\n\n\n<p>Im Zuge der Ermittlungen konnten \nBeamten der Ermittlungsgruppe Eigentum der Kriminaldirektion Heidelberg \nSchmuckst\u00fccke beschlagnahmen, die bislang nicht alle einer Straftat \nzugeordnet werden konnten. Au\u00dferdem wurden Lichtbilder gesichert, die \nweiteres, vermeintliches Diebesgut zeigen. <\/p>\n\n\n\n<p>Die Ermittlungsgruppe \nEigentum sucht nun nach den Besitzern der Schmuckst\u00fccke oder nach \nPersonen, die Hinweise auf die Besitzer geben k\u00f6nnen. Diese m\u00f6gen sich \nunter 0621 174 4444 bei der Kriminalpolizei melden. <\/p>\n\n\n\n<p>\u00dcber 100 Lichtbilder des vermeintlichen Diebesguts k\u00f6nnen unter folgendem Link:   <br><a rel=\"noreferrer noopener\" target=\"_blank\" href=\"https:\/\/ppmannheim.polizei-bw.de\/mutmassliches-diebesgut-bei-ermittlungen-nach-einbruch-in-ladenburg-sichergestellt\/\">https:\/\/ppmannheim.polizei-bw.de\/mutmassliches-diebesgut-bei-ermittlungen-nach-einbruch-in-ladenburg-sichergestellt\/<\/a>  abgerufen werden. <\/p>\n\n\n\n<h2 class=\"wp-block-heading\">Polizeimeldungen vom Februar finden Sie hier: <a href=\"http:\/\/www.speyer24news.de\/Polizei\/Rettungsdienste\/Polizeimeldungen-im-Februar-2019\/\">http:\/\/www.speyer24news.de\/Polizei\/Rettungsdienste\/Polizeimeldungen-im-Februar-2019\/<\/a><br><\/h2>\n\n\n\n<p> <\/p>\n","protected":false},"excerpt":{"rendered":"<div class=\"mh-excerpt\"><p>Polizeimeldungen vom Freitag (01.03.2019) (Speyer) &#8211; Brand in einem Wohnhaus In der Karl &#8211; Spindler &#8211; Stra\u00dfe kam es in der vergangenen Nacht (28.02.2019) zu einem Brand in einer Wohnung, ausgel\u00f6st durch einen technischen Defekt <a class=\"mh-excerpt-more\" href=\"https:\/\/speyer24news.com\/?p=9212\" title=\"Polizeimeldungen im M\u00e4rz 2019\">[&#8230;]<\/a><\/p>\n<\/div>","protected":false},"author":3,"featured_media":0,"comment_status":"open","ping_status":"open","sticky":false,"template":"","format":"standard","meta":{"_monsterinsights_skip_tracking":false,"_monsterinsights_sitenote_active":false,"_monsterinsights_sitenote_note":"","_monsterinsights_sitenote_category":0,"footnotes":""},"categories":[12],"tags":[54,60,57,58,56,61,63,59,53,55,62,6],"aioseo_notices":[],"amp_enabled":true,"_links":{"self":[{"href":"https:\/\/speyer24news.com\/index.php?rest_route=\/wp\/v2\/posts\/9212"}],"collection":[{"href":"https:\/\/speyer24news.com\/index.php?rest_route=\/wp\/v2\/posts"}],"about":[{"href":"https:\/\/speyer24news.com\/index.php?rest_route=\/wp\/v2\/types\/post"}],"author":[{"embeddable":true,"href":"https:\/\/speyer24news.com\/index.php?rest_route=\/wp\/v2\/users\/3"}],"replies":[{"embeddable":true,"href":"https:\/\/speyer24news.com\/index.php?rest_route=%2Fwp%2Fv2%2Fcomments&post=9212"}],"version-history":[{"count":5,"href":"https:\/\/speyer24news.com\/index.php?rest_route=\/wp\/v2\/posts\/9212\/revisions"}],"predecessor-version":[{"id":9364,"href":"https:\/\/speyer24news.com\/index.php?rest_route=\/wp\/v2\/posts\/9212\/revisions\/9364"}],"wp:attachment":[{"href":"https:\/\/speyer24news.com\/index.php?rest_route=%2Fwp%2Fv2%2Fmedia&parent=9212"}],"wp:term":[{"taxonomy":"category","embeddable":true,"href":"https:\/\/speyer24news.com\/index.php?rest_route=%2Fwp%2Fv2%2Fcategories&post=9212"},{"taxonomy":"post_tag","embeddable":true,"href":"https:\/\/speyer24news.com\/index.php?rest_route=%2Fwp%2Fv2%2Ftags&post=9212"}],"curies":[{"name":"wp","href":"https:\/\/api.w.org\/{rel}","templated":true}]}}