{"id":9346,"date":"2019-03-01T18:15:30","date_gmt":"2019-03-01T17:15:30","guid":{"rendered":"https:\/\/speyer24news.com\/?p=9346"},"modified":"2019-03-01T18:15:32","modified_gmt":"2019-03-01T17:15:32","slug":"wochenmarkt-am-faschingsdienstag-entfaellt","status":"publish","type":"post","link":"https:\/\/speyer24news.com\/?p=9346","title":{"rendered":"Wochenmarkt am Faschingsdienstag entf\u00e4llt"},"content":{"rendered":"<style type=\"text\/css\">\r\n\t.ads_top_disp{}\r\n\t.ads_top_corner_disp{ float:left; margin:0px 10px 10px 0px; }\r\n\t.ads_first_p_disp{}\r\n\t.ads_bottom_disp{}\r\n\t<\/style>\n<figure class=\"wp-block-image\"><img decoding=\"async\" loading=\"lazy\" width=\"500\" height=\"647\" src=\"https:\/\/speyer24news.com\/wp-content\/uploads\/2019\/03\/Speyer-Wappen-ganz-alt.jpg\" alt=\"\" class=\"wp-image-9347\" srcset=\"https:\/\/speyer24news.com\/wp-content\/uploads\/2019\/03\/Speyer-Wappen-ganz-alt.jpg 500w, https:\/\/speyer24news.com\/wp-content\/uploads\/2019\/03\/Speyer-Wappen-ganz-alt-232x300.jpg 232w\" sizes=\"(max-width: 500px) 100vw, 500px\" \/><\/figure>\n\n\n\n<p><strong>Speyer \/ K\u00f6nigsplatz &#8211; <\/strong>Der Wochenmarkt auf dem K\u00f6nigsplatz entf\u00e4llt am <strong><em>Faschingsdienstag, 5. M\u00e4rz 2019<\/em><\/strong>. Ein Ersatztermin wird nicht angeboten.<\/p>\n\n\n\n<p><em>Stadt Speyer \/ Kultur, Marketing &amp; Kommunikation<br>01.03.2019<\/em><\/p>\n","protected":false},"excerpt":{"rendered":"<div class=\"mh-excerpt\"><p>Speyer \/ K\u00f6nigsplatz &#8211; Der Wochenmarkt auf dem K\u00f6nigsplatz entf\u00e4llt am Faschingsdienstag, 5. M\u00e4rz 2019. Ein Ersatztermin wird nicht angeboten. Stadt Speyer \/ Kultur, Marketing &amp; Kommunikation01.03.2019<\/p>\n<\/div>","protected":false},"author":3,"featured_media":9347,"comment_status":"open","ping_status":"open","sticky":false,"template":"","format":"standard","meta":{"_monsterinsights_skip_tracking":false,"_monsterinsights_sitenote_active":false,"_monsterinsights_sitenote_note":"","_monsterinsights_sitenote_category":0,"footnotes":""},"categories":[47],"tags":[45,6,44,46],"aioseo_notices":[],"amp_enabled":true,"_links":{"self":[{"href":"https:\/\/speyer24news.com\/index.php?rest_route=\/wp\/v2\/posts\/9346"}],"collection":[{"href":"https:\/\/speyer24news.com\/index.php?rest_route=\/wp\/v2\/posts"}],"about":[{"href":"https:\/\/speyer24news.com\/index.php?rest_route=\/wp\/v2\/types\/post"}],"author":[{"embeddable":true,"href":"https:\/\/speyer24news.com\/index.php?rest_route=\/wp\/v2\/users\/3"}],"replies":[{"embeddable":true,"href":"https:\/\/speyer24news.com\/index.php?rest_route=%2Fwp%2Fv2%2Fcomments&post=9346"}],"version-history":[{"count":1,"href":"https:\/\/speyer24news.com\/index.php?rest_route=\/wp\/v2\/posts\/9346\/revisions"}],"predecessor-version":[{"id":9348,"href":"https:\/\/speyer24news.com\/index.php?rest_route=\/wp\/v2\/posts\/9346\/revisions\/9348"}],"wp:featuredmedia":[{"embeddable":true,"href":"https:\/\/speyer24news.com\/index.php?rest_route=\/wp\/v2\/media\/9347"}],"wp:attachment":[{"href":"https:\/\/speyer24news.com\/index.php?rest_route=%2Fwp%2Fv2%2Fmedia&parent=9346"}],"wp:term":[{"taxonomy":"category","embeddable":true,"href":"https:\/\/speyer24news.com\/index.php?rest_route=%2Fwp%2Fv2%2Fcategories&post=9346"},{"taxonomy":"post_tag","embeddable":true,"href":"https:\/\/speyer24news.com\/index.php?rest_route=%2Fwp%2Fv2%2Ftags&post=9346"}],"curies":[{"name":"wp","href":"https:\/\/api.w.org\/{rel}","templated":true}]}}