{"id":9366,"date":"2019-03-02T08:19:34","date_gmt":"2019-03-02T07:19:34","guid":{"rendered":"https:\/\/speyer24news.com\/?p=9366"},"modified":"2019-03-02T08:19:36","modified_gmt":"2019-03-02T07:19:36","slug":"fastenzeitgang-mit-dem-nachtwaechter-am-9-maerz","status":"publish","type":"post","link":"https:\/\/speyer24news.com\/?p=9366","title":{"rendered":"Fastenzeitgang mit dem Nachtw\u00e4chter am 9. M\u00e4rz"},"content":{"rendered":"<style type=\"text\/css\">\r\n\t.ads_top_disp{}\r\n\t.ads_top_corner_disp{ float:left; margin:0px 10px 10px 0px; }\r\n\t.ads_first_p_disp{}\r\n\t.ads_bottom_disp{}\r\n\t<\/style>\n<figure class=\"wp-block-image\"><img decoding=\"async\" loading=\"lazy\" width=\"640\" height=\"480\" src=\"https:\/\/speyer24news.com\/wp-content\/uploads\/2019\/03\/Nachtw\u00e4chter-Ottmar-Geiger.jpg\" alt=\"\" class=\"wp-image-9367\" srcset=\"https:\/\/speyer24news.com\/wp-content\/uploads\/2019\/03\/Nachtw\u00e4chter-Ottmar-Geiger.jpg 640w, https:\/\/speyer24news.com\/wp-content\/uploads\/2019\/03\/Nachtw\u00e4chter-Ottmar-Geiger-300x225.jpg 300w, https:\/\/speyer24news.com\/wp-content\/uploads\/2019\/03\/Nachtw\u00e4chter-Ottmar-Geiger-326x245.jpg 326w, https:\/\/speyer24news.com\/wp-content\/uploads\/2019\/03\/Nachtw\u00e4chter-Ottmar-Geiger-80x60.jpg 80w\" sizes=\"(max-width: 640px) 100vw, 640px\" \/><\/figure>\n\n\n\n<h4 class=\"wp-block-heading\">Mit Aschekreuz und B\u00fc\u00dferhemd<\/h4>\n\n\n\n<p><strong>Speyer &#8211; <\/strong>Mit Aschekreuz und B\u00fc\u00dferhemd begann einst auch im alten Speyer nach den &#8222;gar wilden Tagen&#8220; der Fastnacht am Aschermittwoch die 40-t\u00e4gige Fastenzeit vor Ostern. Die Menschen &#8222;nagen am Hungertuch&#8220;, in den Kl\u00f6stern beginnt das Fasten &#8211; manchmal auch auf h\u00f6chstem Niveau. Diese besondere Zeit im Jahr ist gepr\u00e4gt von Brauchtum und Traditionen, von denen Heimat- und Brauchtumsforscher Dr. Otmar Geiger in der Rolle des Nachtw\u00e4chters von Speyer w\u00e4hrend seines Rundgangs am <strong>Samstag, 9. M\u00e4rz 2019<\/strong>, erz\u00e4hlen wird.<\/p>\n\n\n\n<p>Der historische Stadtspaziergang beginnt um 19.00 Uhr am Georgsbrunnen vor der M\u00fcnze auf dem Alten Markt, eine Anmeldung ist nicht erforderlich. Karten gibt es vor Ort oder in der Tourist Info Speyer. Weitere Informationen unter <a href=\"http:\/\/www.nachtw\u00e4chter-speyer.de\">www.nachtw\u00e4chter-speyer.de<\/a>.<\/p>\n\n\n\n<figure class=\"wp-block-image\"><img decoding=\"async\" loading=\"lazy\" width=\"640\" height=\"360\" src=\"https:\/\/speyer24news.com\/wp-content\/uploads\/2019\/03\/Nachtw\u00e4chterei-Speyer-Header.jpg\" alt=\"\" class=\"wp-image-9368\" srcset=\"https:\/\/speyer24news.com\/wp-content\/uploads\/2019\/03\/Nachtw\u00e4chterei-Speyer-Header.jpg 640w, https:\/\/speyer24news.com\/wp-content\/uploads\/2019\/03\/Nachtw\u00e4chterei-Speyer-Header-300x169.jpg 300w\" sizes=\"(max-width: 640px) 100vw, 640px\" \/><\/figure>\n\n\n\n<p><em>Nachtw\u00e4chterey &amp; Pilgerstube zu Speyer<br>02.03.2019<\/em><\/p>\n","protected":false},"excerpt":{"rendered":"<div class=\"mh-excerpt\"><p>Mit Aschekreuz und B\u00fc\u00dferhemd Speyer &#8211; Mit Aschekreuz und B\u00fc\u00dferhemd begann einst auch im alten Speyer nach den &#8222;gar wilden Tagen&#8220; der Fastnacht am Aschermittwoch die 40-t\u00e4gige Fastenzeit vor Ostern. Die Menschen &#8222;nagen am Hungertuch&#8220;, <a class=\"mh-excerpt-more\" href=\"https:\/\/speyer24news.com\/?p=9366\" title=\"Fastenzeitgang mit dem Nachtw\u00e4chter am 9. M\u00e4rz\">[&#8230;]<\/a><\/p>\n<\/div>","protected":false},"author":3,"featured_media":9367,"comment_status":"open","ping_status":"open","sticky":false,"template":"","format":"standard","meta":{"_monsterinsights_skip_tracking":false,"_monsterinsights_sitenote_active":false,"_monsterinsights_sitenote_note":"","_monsterinsights_sitenote_category":0,"footnotes":""},"categories":[11,13],"tags":[68,67,69,65,70,71,72,66,6],"aioseo_notices":[],"amp_enabled":true,"_links":{"self":[{"href":"https:\/\/speyer24news.com\/index.php?rest_route=\/wp\/v2\/posts\/9366"}],"collection":[{"href":"https:\/\/speyer24news.com\/index.php?rest_route=\/wp\/v2\/posts"}],"about":[{"href":"https:\/\/speyer24news.com\/index.php?rest_route=\/wp\/v2\/types\/post"}],"author":[{"embeddable":true,"href":"https:\/\/speyer24news.com\/index.php?rest_route=\/wp\/v2\/users\/3"}],"replies":[{"embeddable":true,"href":"https:\/\/speyer24news.com\/index.php?rest_route=%2Fwp%2Fv2%2Fcomments&post=9366"}],"version-history":[{"count":1,"href":"https:\/\/speyer24news.com\/index.php?rest_route=\/wp\/v2\/posts\/9366\/revisions"}],"predecessor-version":[{"id":9369,"href":"https:\/\/speyer24news.com\/index.php?rest_route=\/wp\/v2\/posts\/9366\/revisions\/9369"}],"wp:featuredmedia":[{"embeddable":true,"href":"https:\/\/speyer24news.com\/index.php?rest_route=\/wp\/v2\/media\/9367"}],"wp:attachment":[{"href":"https:\/\/speyer24news.com\/index.php?rest_route=%2Fwp%2Fv2%2Fmedia&parent=9366"}],"wp:term":[{"taxonomy":"category","embeddable":true,"href":"https:\/\/speyer24news.com\/index.php?rest_route=%2Fwp%2Fv2%2Fcategories&post=9366"},{"taxonomy":"post_tag","embeddable":true,"href":"https:\/\/speyer24news.com\/index.php?rest_route=%2Fwp%2Fv2%2Ftags&post=9366"}],"curies":[{"name":"wp","href":"https:\/\/api.w.org\/{rel}","templated":true}]}}