{"id":9374,"date":"2019-03-02T08:33:35","date_gmt":"2019-03-02T07:33:35","guid":{"rendered":"https:\/\/speyer24news.com\/?p=9374"},"modified":"2019-03-02T08:33:36","modified_gmt":"2019-03-02T07:33:36","slug":"sanierung-der-ckw-schadensfahne-im-grundwasser-des-industriegebietes-speyer-west-auf-der-tagesordnung-des-umweltausschusses","status":"publish","type":"post","link":"https:\/\/speyer24news.com\/?p=9374","title":{"rendered":"Sanierung der CKW-Schadensfahne im Grundwasser des Industriegebietes Speyer-West auf der Tagesordnung des Umweltausschusses"},"content":{"rendered":"<style type=\"text\/css\">\r\n\t.ads_top_disp{}\r\n\t.ads_top_corner_disp{ float:left; margin:0px 10px 10px 0px; }\r\n\t.ads_first_p_disp{}\r\n\t.ads_bottom_disp{}\r\n\t<\/style>\n<figure class=\"wp-block-image\"><img decoding=\"async\" loading=\"lazy\" width=\"500\" height=\"647\" src=\"https:\/\/speyer24news.com\/wp-content\/uploads\/2019\/03\/Speyer-Wappen-ganz-alt.jpg\" alt=\"\" class=\"wp-image-9347\" srcset=\"https:\/\/speyer24news.com\/wp-content\/uploads\/2019\/03\/Speyer-Wappen-ganz-alt.jpg 500w, https:\/\/speyer24news.com\/wp-content\/uploads\/2019\/03\/Speyer-Wappen-ganz-alt-232x300.jpg 232w\" sizes=\"(max-width: 500px) 100vw, 500px\" \/><\/figure>\n\n\n\n<p><strong>Speyer &#8211; <\/strong>Am <strong>Donnerstag, 14.03.2019<\/strong> werden Vertreter der Fa.  Siemens AG und des ausf\u00fchrenden B\u00fcros CDM Smith Consult GmbH im Umweltausschuss \u00fcber die zurzeit laufende Planung der gro\u00dfma\u00dfst\u00e4blichen Umsetzung der Pilotsanierung zum Abbau von Vinylchlorid in der CKW-Schadensfahne im Grundwasserabstrom des ehemaligen Siemens-Betriebsgel\u00e4ndes im Industriegebiet Speyer-West berichten.<\/p>\n\n\n\n<p>Nachdem in Teilsanierungszonen, direkt vor dem Steinh\u00e4userw\u00fchlsee und auf der H\u00f6he Brunckstra\u00dfe\/Friedhof, bereits hydraulische Sanierungsma\u00dfnahmen realisiert worden sind, soll f\u00fcr die gesamte Schadstofffahne eine Grundwasser-Sanierung mittels Direktgasinjektion (DGI) von Sauerstoff \u00fcber O2-Gaslanzen durchgef\u00fchrt werden.<\/p>\n\n\n\n<p>In einem ersten Schritt wurde im Mai 2016 ein Testfeld in der Tullastra\u00dfe eingerichtet. Nach Beendigung und Auswertung der erfolgreich verlaufenen Pilotsanierung wird derzeit die Entwurfs- und Genehmigungsplanung f\u00fcr die gesamte Schadensfahne vorbereitet. Vorgesehen ist die Einrichtung von sechs Direktgasinjektions-W\u00e4nden, bestehend aus ca. 20 m tiefen O2-Gaslanzen im Abstand von 5 m und je einer O2-Station sowie Kontroll-Messstellen, auf mehrere st\u00e4dtische und private Fl\u00e4chen verteilt. Die betroffenen Grundst\u00fcckseigent\u00fcmer und P\u00e4chter wurden bereits Mitte Februar von  Oberb\u00fcrgermeisterin Stefanie Seiler zu einer Informationsveranstaltung eingeladen und \u00fcber die erforderlichen Ma\u00dfnahmen unterrichtet. Vor der Verwirklichung der geplanten DGI-Sanierung steht zun\u00e4chst die Einholung der erforderlichen bau- und wasserrechtlichen Genehmigungen.<\/p>\n\n\n\n<p><em>Stadt Speyer<br>02.03.2019<\/em><\/p>\n","protected":false},"excerpt":{"rendered":"<div class=\"mh-excerpt\"><p>Speyer &#8211; Am Donnerstag, 14.03.2019 werden Vertreter der Fa. Siemens AG und des ausf\u00fchrenden B\u00fcros CDM Smith Consult GmbH im Umweltausschuss \u00fcber die zurzeit laufende Planung der gro\u00dfma\u00dfst\u00e4blichen Umsetzung der Pilotsanierung zum Abbau von Vinylchlorid <a class=\"mh-excerpt-more\" href=\"https:\/\/speyer24news.com\/?p=9374\" title=\"Sanierung der CKW-Schadensfahne im Grundwasser des Industriegebietes Speyer-West auf der Tagesordnung des Umweltausschusses\">[&#8230;]<\/a><\/p>\n<\/div>","protected":false},"author":3,"featured_media":9347,"comment_status":"open","ping_status":"open","sticky":false,"template":"","format":"standard","meta":{"_monsterinsights_skip_tracking":false,"_monsterinsights_sitenote_active":false,"_monsterinsights_sitenote_note":"","_monsterinsights_sitenote_category":0,"footnotes":""},"categories":[47],"tags":[83,85,88,6,87,86,84],"aioseo_notices":[],"amp_enabled":true,"_links":{"self":[{"href":"https:\/\/speyer24news.com\/index.php?rest_route=\/wp\/v2\/posts\/9374"}],"collection":[{"href":"https:\/\/speyer24news.com\/index.php?rest_route=\/wp\/v2\/posts"}],"about":[{"href":"https:\/\/speyer24news.com\/index.php?rest_route=\/wp\/v2\/types\/post"}],"author":[{"embeddable":true,"href":"https:\/\/speyer24news.com\/index.php?rest_route=\/wp\/v2\/users\/3"}],"replies":[{"embeddable":true,"href":"https:\/\/speyer24news.com\/index.php?rest_route=%2Fwp%2Fv2%2Fcomments&post=9374"}],"version-history":[{"count":1,"href":"https:\/\/speyer24news.com\/index.php?rest_route=\/wp\/v2\/posts\/9374\/revisions"}],"predecessor-version":[{"id":9375,"href":"https:\/\/speyer24news.com\/index.php?rest_route=\/wp\/v2\/posts\/9374\/revisions\/9375"}],"wp:featuredmedia":[{"embeddable":true,"href":"https:\/\/speyer24news.com\/index.php?rest_route=\/wp\/v2\/media\/9347"}],"wp:attachment":[{"href":"https:\/\/speyer24news.com\/index.php?rest_route=%2Fwp%2Fv2%2Fmedia&parent=9374"}],"wp:term":[{"taxonomy":"category","embeddable":true,"href":"https:\/\/speyer24news.com\/index.php?rest_route=%2Fwp%2Fv2%2Fcategories&post=9374"},{"taxonomy":"post_tag","embeddable":true,"href":"https:\/\/speyer24news.com\/index.php?rest_route=%2Fwp%2Fv2%2Ftags&post=9374"}],"curies":[{"name":"wp","href":"https:\/\/api.w.org\/{rel}","templated":true}]}}