{"id":9376,"date":"2019-03-02T08:39:33","date_gmt":"2019-03-02T07:39:33","guid":{"rendered":"https:\/\/speyer24news.com\/?p=9376"},"modified":"2019-03-02T08:39:35","modified_gmt":"2019-03-02T07:39:35","slug":"dreck-weg-tag-2019-sagt-einwegbechern-den-kampf-an","status":"publish","type":"post","link":"https:\/\/speyer24news.com\/?p=9376","title":{"rendered":"Dreck-weg-Tag 2019 sagt Einwegbechern den Kampf an"},"content":{"rendered":"<style type=\"text\/css\">\r\n\t.ads_top_disp{}\r\n\t.ads_top_corner_disp{ float:left; margin:0px 10px 10px 0px; }\r\n\t.ads_first_p_disp{}\r\n\t.ads_bottom_disp{}\r\n\t<\/style>\n<figure class=\"wp-block-image\"><img decoding=\"async\" loading=\"lazy\" width=\"800\" height=\"600\" src=\"https:\/\/speyer24news.com\/wp-content\/uploads\/2019\/03\/P1080126.jpg\" alt=\"\" class=\"wp-image-9377\" srcset=\"https:\/\/speyer24news.com\/wp-content\/uploads\/2019\/03\/P1080126.jpg 800w, https:\/\/speyer24news.com\/wp-content\/uploads\/2019\/03\/P1080126-300x225.jpg 300w, https:\/\/speyer24news.com\/wp-content\/uploads\/2019\/03\/P1080126-768x576.jpg 768w, https:\/\/speyer24news.com\/wp-content\/uploads\/2019\/03\/P1080126-678x509.jpg 678w, https:\/\/speyer24news.com\/wp-content\/uploads\/2019\/03\/P1080126-326x245.jpg 326w, https:\/\/speyer24news.com\/wp-content\/uploads\/2019\/03\/P1080126-80x60.jpg 80w\" sizes=\"(max-width: 800px) 100vw, 800px\" \/><figcaption>Achtlos weggeworfen Einwegbecher Foto:Stadtwerke Speyer<\/figcaption><\/figure>\n\n\n\n<p><strong>Speyer &#8211; <\/strong>7,6 Millionen Einwegbecher werden in Deutschland pro Tag verbraucht. Das macht 2,8 Milliarden im Jahr. Nicht nur in der Herstellung werden viele unn\u00f6tige Ressourcen verbraucht, die Becher enden oft auch als \u201ewilder M\u00fcll\u201c und verschmutzen so die Umwelt.<\/p>\n\n\n\n<p>Grund genug beim diesj\u00e4hrigen Dreck-weg-Tag mal genauer hinzuschauen. Das Projektteam hat die Aktiven dazu aufgerufen, ihre Sammelaktionen am 8. und 9. M\u00e4rz 2019 mit dem Fotoapparat oder der Smartphone-Kamera zu begleiten und entsprechende Fotos von achtlos weggeworfenen Einweg-Coffee-to-go-Bechern zu knipsen. Die Fotos k\u00f6nnen mit Fundortnennung an <a href=\"kommunikation@stadt-speyer.de\">kommunikation@stadt-speyer.de<\/a> gesendet werden.<\/p>\n\n\n\n<p>Ziel ist es, zum Start der \u201eBleib deinem Becher treu\u201c-Kampagne im Fr\u00fchjahr 2019 eine schaurig-schreckliche Fotocollage zu pr\u00e4sentieren, um darauf aufmerksam zu machen, warum Einwegbecher aus unserem Alltagsleben verbannt werden sollten.<\/p>\n\n\n\n<p>Dar\u00fcber hinaus wird eine Jury die drei besten Einsendungen ausw\u00e4hlen und pr\u00e4mieren.<\/p>\n\n\n\n<p>Kurzentschlossene, die noch am Dreck-weg-Tag teilnehmen m\u00f6chten, k\u00f6nnen sich bei der Abteilung Umwelt und Forsten unter der Telefonnummer 0 62 32 &#8211; 14 27 30 oder per E-Mail an <a href=\"dwt2019@stadt-speyer.de\">dwt2019@stadt-speyer.de<\/a> anmelden. <\/p>\n\n\n\n<figure class=\"wp-block-image\"><img decoding=\"async\" loading=\"lazy\" width=\"800\" height=\"600\" src=\"https:\/\/speyer24news.com\/wp-content\/uploads\/2019\/03\/P1080120.jpg\" alt=\"\" class=\"wp-image-9378\" srcset=\"https:\/\/speyer24news.com\/wp-content\/uploads\/2019\/03\/P1080120.jpg 800w, https:\/\/speyer24news.com\/wp-content\/uploads\/2019\/03\/P1080120-300x225.jpg 300w, https:\/\/speyer24news.com\/wp-content\/uploads\/2019\/03\/P1080120-768x576.jpg 768w, https:\/\/speyer24news.com\/wp-content\/uploads\/2019\/03\/P1080120-678x509.jpg 678w, https:\/\/speyer24news.com\/wp-content\/uploads\/2019\/03\/P1080120-326x245.jpg 326w, https:\/\/speyer24news.com\/wp-content\/uploads\/2019\/03\/P1080120-80x60.jpg 80w\" sizes=\"(max-width: 800px) 100vw, 800px\" \/><figcaption> Achtlos weggeworfen Einwegbecher Foto:Stadtwerke Speyer<\/figcaption><\/figure>\n\n\n\n<p><em>Text: Stadt Speyer \/ Kultur, Marketing &amp; Kommunikation Foto: Stadtwerke Speyer (SWS GmbH)<br>02.03.2019<\/em><\/p>\n","protected":false},"excerpt":{"rendered":"<div class=\"mh-excerpt\"><p>Speyer &#8211; 7,6 Millionen Einwegbecher werden in Deutschland pro Tag verbraucht. Das macht 2,8 Milliarden im Jahr. Nicht nur in der Herstellung werden viele unn\u00f6tige Ressourcen verbraucht, die Becher enden oft auch als \u201ewilder M\u00fcll\u201c <a class=\"mh-excerpt-more\" href=\"https:\/\/speyer24news.com\/?p=9376\" title=\"Dreck-weg-Tag 2019 sagt Einwegbechern den Kampf an\">[&#8230;]<\/a><\/p>\n<\/div>","protected":false},"author":3,"featured_media":9377,"comment_status":"open","ping_status":"open","sticky":false,"template":"","format":"standard","meta":{"_monsterinsights_skip_tracking":false,"_monsterinsights_sitenote_active":false,"_monsterinsights_sitenote_note":"","_monsterinsights_sitenote_category":0,"footnotes":""},"categories":[9],"tags":[93,92,89,90,91,94,6,31,32],"aioseo_notices":[],"amp_enabled":true,"_links":{"self":[{"href":"https:\/\/speyer24news.com\/index.php?rest_route=\/wp\/v2\/posts\/9376"}],"collection":[{"href":"https:\/\/speyer24news.com\/index.php?rest_route=\/wp\/v2\/posts"}],"about":[{"href":"https:\/\/speyer24news.com\/index.php?rest_route=\/wp\/v2\/types\/post"}],"author":[{"embeddable":true,"href":"https:\/\/speyer24news.com\/index.php?rest_route=\/wp\/v2\/users\/3"}],"replies":[{"embeddable":true,"href":"https:\/\/speyer24news.com\/index.php?rest_route=%2Fwp%2Fv2%2Fcomments&post=9376"}],"version-history":[{"count":1,"href":"https:\/\/speyer24news.com\/index.php?rest_route=\/wp\/v2\/posts\/9376\/revisions"}],"predecessor-version":[{"id":9379,"href":"https:\/\/speyer24news.com\/index.php?rest_route=\/wp\/v2\/posts\/9376\/revisions\/9379"}],"wp:featuredmedia":[{"embeddable":true,"href":"https:\/\/speyer24news.com\/index.php?rest_route=\/wp\/v2\/media\/9377"}],"wp:attachment":[{"href":"https:\/\/speyer24news.com\/index.php?rest_route=%2Fwp%2Fv2%2Fmedia&parent=9376"}],"wp:term":[{"taxonomy":"category","embeddable":true,"href":"https:\/\/speyer24news.com\/index.php?rest_route=%2Fwp%2Fv2%2Fcategories&post=9376"},{"taxonomy":"post_tag","embeddable":true,"href":"https:\/\/speyer24news.com\/index.php?rest_route=%2Fwp%2Fv2%2Ftags&post=9376"}],"curies":[{"name":"wp","href":"https:\/\/api.w.org\/{rel}","templated":true}]}}