{"id":9384,"date":"2019-03-03T07:59:39","date_gmt":"2019-03-03T06:59:39","guid":{"rendered":"https:\/\/speyer24news.com\/?p=9384"},"modified":"2019-03-06T13:55:28","modified_gmt":"2019-03-06T12:55:28","slug":"polizeimeldungen","status":"publish","type":"post","link":"https:\/\/speyer24news.com\/?p=9384","title":{"rendered":"Polizeimeldungen"},"content":{"rendered":"<style type=\"text\/css\">\r\n\t.ads_top_disp{}\r\n\t.ads_top_corner_disp{ float:left; margin:0px 10px 10px 0px; }\r\n\t.ads_first_p_disp{}\r\n\t.ads_bottom_disp{}\r\n\t<\/style>\n<figure class=\"wp-block-image\"><img decoding=\"async\" src=\"https:\/\/speyer24news.com\/wp-content\/uploads\/2019\/02\/Polizeilogo-Neu-1.jpg\" alt=\"\" class=\"wp-image-5382\"\/><\/figure>\n\n\n\n<h2 class=\"wp-block-heading\">Polizeimeldungen vom Samstag (02.03.2019)<\/h2>\n\n\n\n<figure class=\"wp-block-image is-resized\"><img decoding=\"async\" loading=\"lazy\" src=\"https:\/\/speyer24news.com\/wp-content\/uploads\/2019\/03\/Aktuelles-Polizeilogo.jpg\" alt=\"\" class=\"wp-image-9243\" width=\"586\" height=\"781\"\/><\/figure>\n\n\n\n<h4 class=\"wp-block-heading\">(Speyer) &#8211; Fahrraddieb dank aufmerksamer Zeugen gestellt<\/h4>\n\n\n\n<p>Zwei aufmerksame Zeugen beobachteten Freitagnacht einen Mann, der sich am Schloss eines im Domgarten abgestellten Fahrrades zu schaffen machte. Nachdem  die Zeugen den Mann angesprochen hatten, ergriff dieser zun\u00e4chst die Flucht. Die beiden Zeugen holten den Mann ein und konnten ihn bis zum  Eintreffen der Polizei festhalten. <\/p>\n\n\n\n<p>Der 37j\u00e4hrige Beschuldigte r\u00e4umte den versuchten Fahrraddiebstahl ein. Ihn erwartet nun eine entsprechende Strafanzeige. <\/p>\n\n\n\n<h4 class=\"wp-block-heading\">(Speyer) &#8211; Borstenvieh auf Flugplatz<\/h4>\n\n\n\n<p>Eine Wildsau hatte sich am Freitagnachmittag ungl\u00fccklicherweise auf das  weitl\u00e4ufige Gel\u00e4nde des Speyerer Flugplatzes verirrt. Da durch die auf  der Start- und Landebahn herumlaufende Bache die Sicherheit des  Flugbetriebs nicht mehr gew\u00e4hrleistet war, blieb keine andere M\u00f6glichkeit: Das Tier musste durch den zust\u00e4ndigen Jagdp\u00e4chter erlegt werden. <\/p>\n\n\n\n<h4 class=\"wp-block-heading\">(Neuburg am Rhein) &#8211; Sachbesch\u00e4digung an Pkw<\/h4>\n\n\n\n<p>Ein in der Schifferstra\u00dfe, Neuburg a.R., geparkter Audi wurde durch  unbekannte T\u00e4ter in der Nacht von Donnerstag auf Freitag erheblich an  der Frontscheibe besch\u00e4digt. Es entstand ein Sachschaden in H\u00f6he von  400EUR am Pkw. <\/p>\n\n\n\n<p>Wer sachdienliche Hinweise zu dem Fall geben kann,\n wird gebeten sich mit der Polizeiinspektion W\u00f6rth am Rhein unter der \n07271\/92210 oder <a href=\"mailto:piwoerth@polizei.rlp.de\">piwoerth@polizei.rlp.de<\/a> in Verbindung zu setzen. <\/p>\n\n\n\n<h4 class=\"wp-block-heading\">(Billigheim-Ingenheim) &#8211; Auto f\u00e4hrt geradeaus \u00fcber Kreisverkehr in Weinberg \/ 4 verletzte Insassen<\/h4>\n\n\n\n<figure class=\"wp-block-image\"><a href=\"https:\/\/cache.pressmailing.net\/content\/cfeba199-eb50-4144-b9db-107943d98f7b\/UnfallB38.JPG?attachment=false.jpg\"><img decoding=\"async\" src=\"https:\/\/cache.pressmailing.net\/thumbnail\/story_big\/cfeba199-eb50-4144-b9db-107943d98f7b\/pol-pdld-auto-faehrt-geradeaus-ueber-kreisverkehr-in-weinberg-4-verletzte-insassen\" alt=\"\"\/><\/a><\/figure>\n\n\n\n<p>Am Samstag gegen 00:35 Uhr verlor ein 18 Jahre junger Mann auf der B38 am  Kreisverkehr bei Appenhofen von Landau kommend die Kontrolle \u00fcber seinen  BMW. Er fuhr geradeaus \u00fcber den Kreisel, \u00fcberschlug sich mehrfach und  kam im Weinberg zum Liegen. Der schwer verletzte Fahrer war eingeklemmt  und musste durch die Feuerwehr befreit werden. Die drei leicht verletzen  Mitfahrer konnten sich eigenst\u00e4ndig aus dem Fahrzeug befreien. Das  total besch\u00e4digte Auto musste abgeschleppt werden. Die Feuerwehr war mit  6 Fahrzeugen und 25 Einsatzkr\u00e4ften, der Rettungsdienst mit 3  Rettungswagen sowie einem Notarzteinsatzfahrzeug vor Ort. <\/p>\n\n\n\n<h4 class=\"wp-block-heading\">(Landau) &#8211; Unfallflucht beim Ein-\/Ausparken<\/h4>\n\n\n\n<p>Ein bisher noch unbekannter Fahrzeugf\u00fchrer besch\u00e4digte am 02.03.19 im  Zeitraum 00:15-05:00Uhr einen rechts neben ihm geparkten schwarzen Opel  Astra. Anschlie\u00dfend entfernte sich der Verursacher unerlaubt von der  Unfallstelle. Einen Schaden m\u00fcsste er\/sie an seinem Fahrzeug in H\u00f6he  50cm haben. Hinweise erbittet die Polizeiinspektion Landau. <\/p>\n\n\n\n<h4 class=\"wp-block-heading\">(Stadtgebiet Landau) &#8211; 2 betrunkene Autofahrer aus dem Verkehr gezogen<\/h4>\n\n\n\n<p>Bei Verkehrskontrollen gingen der Landauer Polizei in der Nacht vom 01.  auf den 02.03.19 zwei Autofahrer ins Netz, die nicht mehr  verkehrst\u00fcchtig waren. In der Max-Planck-Stra\u00dfe wurde um 03Uhr ein  31-J\u00e4hriger mit 2,24 Promille und in der Maximilianstra\u00dfe um 03:25Uhr  ein 22-J\u00e4hriger mit 1,68 Promille festgestellt. Bei beiden wurde die  Weiterfahrt untersagt, der F\u00fchrerschein sichergestellt und ein Verfahren  wegen Trunkenheit im Verkehr eingeleitet. <\/p>\n\n\n\n<h4 class=\"wp-block-heading\">(Edenkoben) &#8211; Mehrere Eins\u00e4tze auf der A65<\/h4>\n\n\n\n<p>Am 01.03.2019 kam es auf der A65 zu insgesamt sechs Eins\u00e4tzen f\u00fcr die  Polizeiinspektion Edenkoben. Kurz nach 10:00 Uhr wurde zwischen den  Anschlussstellen Neustadt-Nord und Deidesheim eine mittig auf beiden  Fahrstreifen liegende Schaufel beseitigt. Um 14:45 Uhr kam eine  58-j\u00e4hrige Pkw-Fahrerin aus dem Kreis S\u00dcW kurz vor der Anschlussstelle  Insheim nach rechts von der Fahrbahn ab. Hier kam es zum Zusammensto\u00df  mit einem Leitpfosten, welcher anschlie\u00dfend aus seiner Verankerung  geschleudert wurde und ein zweites Fahrzeug besch\u00e4digte. Bis zum Abend  mussten bei vier weiteren Eins\u00e4tzen mehrfach Gegenst\u00e4nde \/ Teile sowie  Tierk\u00f6rper von der Fahrbahn ger\u00e4umt und beseitigt werden. <\/p>\n\n\n\n<h4 class=\"wp-block-heading\">(Edenkoben) &#8211; Streit um geparktes Auto eskaliert<\/h4>\n\n\n\n<p>Weil eine 41-j\u00e4hrige Edenkobenerin sich auf den Weg zu einer  Trauerfeier machen wollte, musste sie mit  ihren Pkw aus der Hofeinfahrt  ausparken. Diese wurde jedoch durch das  Auto des 72-j\u00e4hrigen Nachbarn  blockiert. Weil dies des \u00d6fteren der Fall sein soll, dachte sich die  Frau zun\u00e4chst nichts dabei. Nach ein paar Minuten sprach die Frau ihren  Nachbarn an, welcher zun\u00e4chst versicherte das Fahrzeug wegzufahren.  Jedoch ging der Mann anschlie\u00dfend wieder ins Haus zur\u00fcck und machte auch  nach fortgeschrittener Zeit keine Anstalten sein Fahrzeug wegzufahren,  obwohl er die M\u00f6glichkeit dazu hatte. Nachdem die Frau den Mann ein  drittes Mal ansprach, reagierte dieser entr\u00fcstet, indem er die Frau  anschrie und beleidigte. Anschlie\u00dfend wartete der Rentner noch gem\u00fctlich  eine halbe Stunde in seinem Auto, bis er dieses dann endg\u00fcltig wegfuhr.  Die Frau konnte dann versp\u00e4tet zu der Beerdigung fahren. Gegen den Mann  wird nun wegen N\u00f6tigung und Beleidigung ermittelt. <\/p>\n\n\n\n<h4 class=\"wp-block-heading\">(Bad D\u00fcrkheim) &#8211; Kraftfahrzeugf\u00fchrerin unter dem Einfluss von Bet\u00e4ubungsmittel \/ Amphetamin und Marihuana im Fahrzeug sichergestellt<\/h4>\n\n\n\n<p>In der Nacht auf Samstag, 02.03.2019, gegen 02:00 Uhr, wurde im Bad  D\u00fcrkheimer Industriegebiet &#8218;Bruch&#8216; ein Pkw mit insgesamt drei Insassen  einer Verkehrskontrolle unterzogen. Bei der 35 j\u00e4hrigen Fahrzeugf\u00fchrerin  aus dem Kreis Bad D\u00fcrkheim konnten im Rahmen der Kontrolle  Auff\u00e4lligkeiten, welche auf einen Bet\u00e4ubungsmittelkonsum hindeuteten,  erkannt werden. Durch einen Urintest konnte dieser Verdacht best\u00e4tigt  werden. Bei einer Durchsuchung des Fahrzeugs wurden dar\u00fcber hinaus  Amphetamin und Marihuana aufgefunden und im Anschluss sichergestellt.  Der Fahrerin wurde eine Blutprobe entnommen. Gegen sie wurden eine  Ordnungswidrigkeitenanzeige wegen F\u00fchren eines Kraftfahrzeuges unter dem  Einfluss von Bet\u00e4ubungsmittel, sowie eine Strafanzeige wegen Versto\u00df  gegen das Bet\u00e4ubungsmittelgesetz eingeleitet. Weiter wurde der  F\u00fchrerschein beschlagnahmt und die Fahrzeugschl\u00fcssel pr\u00e4ventiv  sichergestellt. Die beiden 22 j\u00e4hrigen Beifahrer m\u00fcssen sich ebenfalls  wegen Strafanzeigen im Zusammenhang mit dem Versto\u00df gegen das  Bet\u00e4ubungsmittelgesetz verantworten. <\/p>\n\n\n\n<h4 class=\"wp-block-heading\">(Bad D\u00fcrkheim) &#8211; Alkohol am Steuer<\/h4>\n\n\n\n<p>Am sp\u00e4ten Abend des 01.03.2019, gegen 23:00 Uhr, wurde ein 55 j\u00e4hriger  Mann aus dem Kreis Bad D\u00fcrkheim im Ortsteil Friedelsheim einer  Verkehrskontrolle unterzogen. Im Rahmen der Kontrolle kann bei dem  Fahrzeugf\u00fchrer Alkoholgeruch wahrgenommen werden. Ein Atemalkoholtest  ergibt einen Wert von 0,83 Promille. Gegen den Betroffenen wurde eine  Ordnungswidrigkeitenanzeige eingeleitet. Er muss mit einer Geldstrafe in  einer H\u00f6he von mindestens 500 Euro und einem Monat Fahrverbot rechnen.  Weiter wurden die Fahrzeugschl\u00fcssel, sowie der F\u00fchrerschein pr\u00e4ventiv  sichergestellt. <\/p>\n\n\n\n<h4 class=\"wp-block-heading\">(Bad D\u00fcrkheim) &#8211; Verkehrsunfall durch ausgehobenen Gullydeckel \/ Zeugen gesucht<\/h4>\n\n\n\n<p>Am sp\u00e4ten Abend des 01.03.2019, um 22:15 Uhr, befuhr ein 33 j\u00e4hriger  Mann mit seinem Pkw die Hauptstra\u00dfe im Bad D\u00fcrkheimer Ortsteil  Friedelsheim. Der Fahrzeugf\u00fchrer konnte einem auf der Stra\u00dfe liegenden,  offensichtlich ausgehobenen, Gullydeckel nicht mehr ausweichen und  \u00fcberfuhr diesen mit dem rechten Vorderrad. Am Pkw entstand Sachschaden  in einer H\u00f6he von ca. 2000,- Euro. Gegen die oder den unbekannten T\u00e4ter  wird wegen gef\u00e4hrlichen Eingriffs in den Stra\u00dfenverkehr ermittelt.  Zeugen, die sachdienliche Hinweise geben k\u00f6nnen, werden gebeten sich bei  der Polizeiinspektion in Bad D\u00fcrkheim zu melden. <\/p>\n\n\n\n<h4 class=\"wp-block-heading\">(Gr\u00fcnstadt) &#8211; Unfallfl\u00fcchtige gestellt \/ 1,71 Promille<\/h4>\n\n\n\n<p>Am Freitag, 01.03.2019 um 16:20 Uhr meldete eine 69-j\u00e4hrige Frau aus  Carlsberg, dass ihr Mann gerade an der Anschlussstelle Obers\u00fclzen zur B  271 (Umgehungsstra\u00dfe Gr\u00fcnstadt) einen Ansto\u00df mit einem braunen Ford  Focus hatte. Die Verursacherin sei weitergefahren, man habe sie aber,  nach kurzer Verfolgung,  etwa 500 m weiter auf der Umgehungsstra\u00dfe  gestellt. Die Polizeibeamten, die zur Unfallstelle kamen, stellten rasch  fest, warum die 48-j\u00e4hrige Frau aus Dirmstein von der Unfallstelle  fl\u00fcchten wollte. Ein Alkotest ergab einen Wert von 1,71 Promille.  W\u00e4hrend der 69-j\u00e4hrige Fahrer eines weissen Fiat Cubo die B 271 an der  Anschlussstelle verlassen wollte und daher von der Autobahn her kommend  nach links abbog, wollte die 48-j\u00e4hrige von der Anschlussstelle nach  links auf die B 271 einbiegen. Hierbei streifte sie den abbiegenden  Unfallgegner hinten links. Der unter Alkoholeinfluss stehenden Frau aus  Dirmstein wurde eine Blutprobe entnommen. Der F\u00fchrerschein wurde  sichergestellt. <\/p>\n\n\n\n<h4 class=\"wp-block-heading\">(Maxdorf &amp; Frankenthal) &#8211; Vorl\u00e4ufige Bilanz der Polizei zu den Fastnachtsumz\u00fcgen in Frankenthal und Maxdorf<\/h4>\n\n\n\n<p>Bei bedecktem Himmel kamen nach Angaben der Stadtverwaltung am  Samstagnachmittag gesch\u00e4tzte 43.000 Zuschauer zum n\u00e4rrischen  Fastnachtstreiben in die Innenstadt. Dabei konnten sie in der Zeit von  14.11 bis 16:45 Uhr den farbenfrohen Lindwurm, an dem insgesamt 69  Motivwagen und Fu\u00dfgruppen teilnahmen, bestaunen. Zur Sicherheit der  Zuschauer setzte die Polizei Frankenthal knapp \u00fcber 100 Kr\u00e4fte ein.  Unterst\u00fctzt wurde sie dabei von der Bereitschaftspolizei und den  benachbarten Dienststellen der Polizeidirektion Ludwigshafen. Im Verlauf  des Fastnachtsumzuges registrierte die Polizei bis zum fr\u00fchen Abend  insgesamt zw\u00f6lf Strafanzeigen. Im Einzelnen handelte es sich dabei um  folgende Delikte: &#8211; 9x K\u00f6rperverletzungen, davon eine gef\u00e4hrliche  K\u00f6rperverletzung &#8211; 1x Widerstand &#8211; 1x Sachbesch\u00e4digung &#8211; 1x Versto\u00df  gegen das Bet\u00e4ubungsmittelgesetz Bei dem Widerstand wurde  gl\u00fccklicherweise kein Beamter verletzt. Zudem registrierte die Polizei  teilweise eine nicht unerhebliche Alkoholisierung und Aggressivit\u00e4t bei  den zumeist jugendlichen und heranwachsenden T\u00e4tern. Insgesamt wurden 18  Personenkontrollen durchgef\u00fchrt. Erneut bew\u00e4hrt haben sich die mobilen  Eingreifgruppen, die gezielt St\u00f6renfriede angesprochen haben und  erforderlichenfalls in Gewahrsam nehmen konnten. Sieben Personen  erhielten einen Platzverweis, eine Person wurde vor\u00fcbergehend in  polizeilichen Gewahrsam genommen. Bei dem parallel stattfindenden  Fastnachtsumzug in Maxdorf konnten sch\u00e4tzungsweise 15.000 Besucher  registriert werden. Hier verlief der Einsatz aus polizeilicher Sicht  absolut friedlich und st\u00f6rungsfrei. <\/p>\n\n\n\n<h4 class=\"wp-block-heading\">(Frankenthal) &#8211; Betrunkener Radfahrer verunfallt<\/h4>\n\n\n\n<p>Am 01.03.2019 gegen 22:35Uhr bef\u00e4hrt ein 45-j\u00e4hriger Ludwigshafener mit  seinem Fahrrad die Stra\u00dfe Am Kanal in Frankenthal in Fahrtrichtung  Ludwigshafen. Auf gerader Strecke st\u00fcrzt der Mann, vermutlich aufgrund  seiner sp\u00e4ter festgestellten Alkoholisierung, zu Boden. Nach erster  Versorgung der erlittenen Platzwunde und Absch\u00fcrfungen im  Gesichtsbereich durch den hinzugerufenen Rettungsdienst, kann im Rahmen  eines Atemalkoholtests bei dem Mann ein Wert von 1,95 Promille  festgestellt werden. Der Einfluss von Alkohol oder anderen berauschenden  Mitteln stellt eine Hauptunfallursache dar. Wer berauscht f\u00e4hrt,  gef\u00e4hrdet nicht nur sich, sondern auch Andere. Gegen den unter  Alkoholeinfluss stehenden Fahrzeugf\u00fchrer wurde ein Ermittlungsverfahren  wegen Trunkenheit im Verkehr eingeleitet. <\/p>\n\n\n\n<h4 class=\"wp-block-heading\">(Frankenthal) &#8211; Verkehrsunfallflucht<\/h4>\n\n\n\n<p>Am Nachmittag des 01.03.2019 gegen 15:50Uhr bef\u00e4hrt ein Kraftfahrzeug  (m\u00f6glicherweise ein Linienbus) die Wormser Stra\u00dfe stadtausw\u00e4rts in  Frankenthal. In H\u00f6he der Zufahrt des Hauptfriedhofes streift das  Fahrzeug einen am rechten Fahrbahnrand geparkten VW Polo. Hierbei wird  der linke Au\u00dfenspiegel besch\u00e4digt; der Schaden bel\u00e4uft sich auf ca.  200,-EUR. Anschlie\u00dfend entfernt sich der Unfallverursacher von der  Unfallstelle ohne seinen Verst\u00e4ndigungspflichten nachzukommen. Die  Polizei weist nochmals darauf hin, dass es sich bei einer  Verkehrsunfallflucht keinesfalls um ein Kavaliersdelikt handelt. Eine  Unfallflucht ist eine Straftat, \u00e4hnlich einem Diebstahl oder einer  K\u00f6rperverletzung. \u00a7 142 des Strafgesetzbuches sieht f\u00fcr eine  Unfallflucht eine Geldstrafe oder sogar eine Freiheitsstrafe bis zu drei  Jahre vor. In vielen F\u00e4llen bleiben die Gesch\u00e4digten auf ihren Kosten  sitzen. Es k\u00f6nnte auch Ihr Auto treffen. Helfen Sie uns, Unfallopfern zu  helfen. Wenn Sie Zeuge einer Unfallflucht werden, notieren Sie das  Kennzeichen oder machen Sie ein Foto mit Ihrem Handy. Verst\u00e4ndigen Sie  auf jeden Fall die Polizei. <\/p>\n\n\n\n<p>Wer sachdienliche Hinweise zu dem  genannten Fall geben kann, wird gebeten sich mit der Polizeiinspektion  Frankenthal unter der Rufnummer 06233\/313-0 oder der Polizeiwache  Maxdorf unter der Rufnummer 06237\/934-100 in Verbindung zu setzen.  Hinweise k\u00f6nnen auch per E-Mail unter <a href=\"mailto:pifrankenthal@polizei.rlp.de\">pifrankenthal@polizei.rlp.de<\/a> an die Polizei \u00fcbermittelt werden. <\/p>\n\n\n\n<h4 class=\"wp-block-heading\">(Frankenthal) &#8211; F\u00fchren eines Kraftfahrzeuges unter Alkoholeinfluss\/Urkundenf\u00e4lschung<\/h4>\n\n\n\n<p>Am 01.03.2019 gegen 11:45Uhr wird ein 71-j\u00e4hriger Frankenthaler auf  seinem Motorroller einer Verkehrskontrolle unterzogen. Im Rahmen der  Kontrolle kann festgestellt werden, dass die angebrachten  Versicherungskennzeichen zum einen auf einen anderen Motorroller  ausgestellt und zudem auch schon 2012 zuletzt auf einen anderen  Motorroller zugelassen war. Weiterhin wird im Rahmen der  Verkehrskontrolle Atemalkoholgeruch festgestellt. Ein Atemalkoholtest  ergab einen Wert von 0,62 Promille. Nach abschlie\u00dfenden Tests auf der  Polizeidienststelle werden Fahrzeugschl\u00fcssel und Fahrzeugpapiere  sichergestellt um zu verhindern, dass der Mann erneut mit einem  Kraftfahrzeug im alkoholisierten Zustand f\u00fchrt. Neben den Kosten f\u00fcr das  Verfahren, kommt gem\u00e4\u00df dem Bu\u00dfgeldkatalog auf den 71-J\u00e4hrigen nun eine  Strafe in H\u00f6he 500EUR sowie ein Fahrverbot zu. Weiterhin wird eine  Strafanzeige wegen Urkundenf\u00e4lschung, Versto\u00df gegen das  Pflichtversicherungsgesetz sowie des Versto\u00dfes gegen das  Kraftfahrzeugsteuergesetzes eingeleitet. <\/p>\n\n\n\n<h4 class=\"wp-block-heading\">Gemeinsame Presseerkl\u00e4rung der Staatsanwaltschaft Frankenthal und des Polizeipr\u00e4sidiums Rheinpfalz:  <\/h4>\n\n\n\n<h4 class=\"wp-block-heading\">(Mutterstadt) &#8211; Brand in einem Recyclingbetrieb<\/h4>\n\n\n\n<p>Am  sp\u00e4ten Freitagabend kam es zu einem Brand einer Sperrm\u00fcll-  Aufbereitungsanlage bei einem Recyclingbetrieb in Mutterstadt, der durch  die Feuerwehr gel\u00f6scht werden konnte. Die Brandursache ist bislang  unbekannt, m\u00f6glicherweise lag ein technischer Defekt vor. Durch das  Brandgeschehen entstand sehr hoher Sachschaden. Es wurden keine Personen  verletzt.  Die Ermittlungen dauern an. <\/p>\n\n\n\n<h4 class=\"wp-block-heading\">(Ludwigshafen-Friesenheim) &#8211; Unfallflucht \/ Zeugen gesucht!<\/h4>\n\n\n\n<p>Am Samstag, den 02.03.19, gegen 20:00 Uhr, wurde ein 60-j\u00e4hriger  Fu\u00dfg\u00e4nger beim \u00dcberqueren der Friesenstra\u00dfe in Ludwigshafen-Friesenheim  von einem Pkw erfasst. Der Fu\u00dfg\u00e4nger st\u00fcrzte zu Boden und verletzte sich  hierbei. Anschlie\u00dfend wollte der Fu\u00dfg\u00e4nger den Fahrzeugf\u00fchrer zur Reden  stellen, woraufhin dieser seine Fahrt fortsetzte und dem Fu\u00dfg\u00e4nger  hierbei \u00fcber den Fu\u00df fuhr. Bei dem Pkw soll es sich um einen  bronzefarbenen Dacia Duster gehandelt haben. N\u00e4heres ist nicht bekannt. <\/p>\n\n\n\n<p>Zeugen werden gebeten sich mit der Polizeiinspektion Ludwigshafen 2 unter der  Telefonnummer 0621-963 2222 in Verbindung zu setzen. <\/p>\n\n\n\n<h4 class=\"wp-block-heading\">(Mannheim-Innenstadt) &#8211; Autos besch\u00e4digt, Zeugen gesucht!<\/h4>\n\n\n\n<p>Zeugen f\u00fcr ein Sachbesch\u00e4digungsdelikt in der Mannheimer Innenstadt suchen derzeit die Ermittler der H 4-Wache. <\/p>\n\n\n\n<p>Die\n Gesch\u00e4digten hatten ihre Fahrzeuge, einen Mercedes Benz und einen Seat \nLeon, jeweils mit Mannheimer Zulassung am sp\u00e4ten Donnerstagabend \nunterhalb des Br\u00fcckenbauwerks der Kurt-Schumacher-Br\u00fccke abgestellt. Als\n sie am Freitagmorgen, gegen 07:30 Uhr zu ihren Fahrzeugen \nzur\u00fcckkehrten, mussten sie feststellen, dass bislang Unbekannte \ns\u00e4mtliche Scheiben an den beiden Pkw eingeschlagen hatten. Der \nSachschaden wird auf mehrere Tausend Euro gesch\u00e4tzt. <\/p>\n\n\n\n<p>Das wegen  Sachbesch\u00e4digung ermittelnde Polizeirevier Mannheim-Innenstadt bittet  eventuelle Zeugen der Tat um telefonische Meldung unter 0621\/1258-0. <\/p>\n\n\n\n<h4 class=\"wp-block-heading\">(Mannheim-Schwetzingerstadt) &#8211; Einbruch in B\u00e4ckerei, Zeugenaufruf!<\/h4>\n\n\n\n<p>In eine B\u00e4ckerei in der Schwetzingerstadt wurde in der Zeit zwischen  Donnerstagabend, 18:20 Uhr und Freitagfr\u00fch, 04:40 Uhr eingebrochen. <\/p>\n\n\n\n<p>Unbekannte\n hatten die T\u00fcr des Gesch\u00e4fts am Schwetzinger Platz aufgehebelt und sich\n so Zutritt verschafft. Aus einem B\u00fcroraum entwendeten sie einen Tresor \nmit mehreren Hundert Euro Bargeld als Inhalt. Nach ihrem Beutezug \nentkamen die Einbrecher unerkannt. <\/p>\n\n\n\n<p>Personen, die in der  fraglichen Zeit auf und um den Schwetzinger Platz herum Verd\u00e4chtiges  bemerkt haben, werden gebeten, die Polizei unter 0621\/174-3310  anzurufen. <\/p>\n\n\n\n<h4 class=\"wp-block-heading\">(Mannheim-Neckarstadt) &#8211; Verkehrsunfall sorgt f\u00fcr Stra\u00dfenbahnausfall<\/h4>\n\n\n\n<p>Mehr als 16.000 EUR Sachschaden, ein Verletzter und knapp 40 Minuten  Ausfall der Stra\u00dfenbahn &#8211; so lautet die Bilanz eines Verkehrsunfalls der  sich am Freitagabend in der Dammstra\u00dfe ereignete. Ein 24 Jahre alter  Fahrer eines Kleintransporters fuhr demnach um kurz nach 20 Uhr aus der  Diesterwegstra\u00dfe auf die Dammstra\u00dfe auf. Dabei \u00fcbersah jedoch einen  21-j\u00e4hrigen vorfahrtsberechtigten Audi-Fahrer. Dieser versuchte noch  auszuweichen und stie\u00df dabei mit der Schutzumrandung eines Baumes  zusammen. Hierbei entstand am Audi ein Schaden von mindestens 12.000  EUR. Der 21-J\u00e4hrige wurde gl\u00fccklicherweise nur leicht verletzt. Am  Kleintransporter entstand ein Schaden von 4.000 EUR. W\u00e4hrend der  polizeilichen Unfallaufnahme und den anschlie\u00dfenden Bergungsarbeiten des  nicht mehr fahrbereiten Audis musste der Stra\u00dfenbahnverkehr in der  Dammstra\u00dfe f\u00fcr knapp 40 Minuten eingestellt werden. <\/p>\n\n\n\n<h4 class=\"wp-block-heading\">(Mannheim-Rheinau\/S\u00fcd \/ Br\u00fchl \/ Rhein-Neckar-Kreis) &#8211; Polizei sucht Zeugen f\u00fcr Unfallflucht<\/h4>\n\n\n\n<p>Etwa 6.000 Euro Sachschaden entstanden am Freitagnachmittag bei einem  Verkehrsunfall mit anschlie\u00dfender Unfallflucht auf der B 36 nahe Br\u00fchl. <\/p>\n\n\n\n<p>Eine\n 52-j\u00e4hrige Mercedes-Fahrerin wollte gegen 16:00 Uhr mit ihrem Fahrzeug \naus Richtung Rheinau-S\u00fcd kommend vom Beschleunigungsstreifen auf die \nrechte Fahrspur der B 36, Richtung Schwetzingen auffahren. Zeitgleich \nwechselte der bislang unbekannte Fahrer eines nicht n\u00e4her bekannten Lkw \nvom rechten Fahrstreifen der B 36 auf den Ausf\u00e4delungsstreifen Richtung \nBr\u00fchl, um seine Fahrt nach dort fortzusetzen. M\u00f6glicherweise \u00fcbersah er \nhierbei das neben ihm fahrende Auto. <\/p>\n\n\n\n<p>Dessen Fahrerin versuchte \neine Kollision zu verhindern und wich nach rechts aus. Dabei stie\u00df sie \nmit der rechten Fahrzeugseite gegen die Leitplanke und besch\u00e4digte ihren\n Wagen gro\u00dffl\u00e4chig. <\/p>\n\n\n\n<p>Der Lkw-Fahrer setzte seine Fahrt fort, ohne  sich weiter um das Geschehen gek\u00fcmmert zu haben. Die Gesch\u00e4digte  erstattete Anzeige beim Polizeirevier in Mannheim-Neckarau. Eventuelle  Zeugenhinweise werden nach dorthin unter der Telefonnummer 0621\/83397-0  erbeten. <\/p>\n\n\n\n<h4 class=\"wp-block-heading\">(Mannheim-K\u00e4fertal) &#8211; Unaufmerksamkeit f\u00fchrt zu schwerem Verkehrsunfall<\/h4>\n\n\n\n<p>Am Freitagvormittag ereignete sich Auf dem Sand ein schwerer  Verkehrsunfall, wobei vier Personen verletzt und zwei Fahrzeuge  abgeschleppt werden mussten. Es entstand ein Unfallschaden von mehr als  12.000 EUR. Ein 51-J\u00e4hrige fuhr um kurz nach 11 Uhr mit seinem Opel  Kleintransporter Auf dem Sand in Richtung B38. Aufgrund Unaufmerksamkeit  f\u00e4hrt er auf einen vor ihm stehenden Pkw auf. Aufgrund des Aufpralls  wurde dieser wiederum auf den vor ihm wartenden Pkw aufgeschoben. An  Allen Fahrzeugen entstand Sachschaden, wobei das Fahrzeug des  Unfallverursachers, sowie der erstgetroffene Pkw abgeschleppt werden  mussten. Bis auf den Unfallverursacher wurden alle anderen Fahrer, sowie  deren Beifahrer leicht verletzt und musste teilweise in Krankenh\u00e4usern  behandelt werden. <\/p>\n\n\n\n<h4 class=\"wp-block-heading\">(Leimen \/ Rhein-Neckar-Kreis) &#8211; Kamele spazieren auf Bundesstra\u00dfe<\/h4>\n\n\n\n<p>Ein 51-J\u00e4hriger Pkw-Fahrer staunte nicht schlecht, als in der Nacht von  Freitag auf Samstag pl\u00f6tzlich drei Kamele vor ihm auf der  Theodor-Heuss-Stra\u00dfe spazieren gingen und rief die Polizei. Den  Ausrei\u00dfern gelang um kurz vor 1 Uhr die Flucht aus dem Gehege eines in  der N\u00e4he befindlichen Zirkus. Als die Polizeibeamten die Tiere  &#8222;festnehmen&#8220; wollten um eine Gef\u00e4hrdung f\u00fcr den Verkehr auszuschlie\u00dfen,  hatten schon mehrere Verkehrsteilnehmer die Tiere eingekesselt.  Gemeinsam wurden diese dann in Richtung Gehege begleitet &#8211; wobei gleich  mehrere Mitarbeiter des Zirkus dem Tross entgegen eilten und sich den  Ausbrechern annahmen. <\/p>\n\n\n\n<h4 class=\"wp-block-heading\">(Leimen \/ Rhein-Neckar-Kreis) &#8211; Navi und Lenkrad aus geparktem BMW gestohlen, Zeugenhinweise erbeten!<\/h4>\n\n\n\n<p>Sowohl das Navigationsger\u00e4t als auch das komplette Lenkrad stahlen  vermutlich in der Nacht zum Freitag bislang unbekannte aus einem  geparkten Pkw. <\/p>\n\n\n\n<p>Der Gesch\u00e4digte hatte sein Auto, einen schwarzen \nBMW 435i mit WN-Kennzeichen am Donnerstagabend gegen 20:00 Uhr in der \nStra\u00dfe &#8222;Graben&#8220; abgestellt. Als er am Freitagmittag, gegen 13:10 Uhr den\n Pkw wieder nutzen wollte, musste er feststellen, dass Lenkrad und Navi \nentwendet worden waren. Offensichtliche Aufbruchspuren waren an dem \nFahrzeug nicht erkennbar. Der Sachschaden d\u00fcrfte bei mehreren Tausend \nEuro liegen. Die weiteren Ermittlungen wird die Kriminalpolizeidirektion\n Heidelberg \u00fcbernehmen. <\/p>\n\n\n\n<p>Hinweisgeber oder gar Zeugen der Tat werden daher gebeten, die Kriminalpolizei unter 0621\/174-4444 anzurufen. <\/p>\n\n\n\n<h4 class=\"wp-block-heading\">(Eppelheim \/ Rhein-Neckar-Kreis) &#8211; Zusammensto\u00df zwischen Pkw und Lkw<\/h4>\n\n\n\n<p>Sachschaden entstand am Freitagmorgen beim Zusammensto\u00df eines Pkw mit einem Lkw. <\/p>\n\n\n\n<p>Gegen\n 09:30 Uhr missachtete ein 75-j\u00e4hriger Opelfahrer im Bereich \nJakob-Ruppert-Stra\u00dfe \/ Grenzh\u00f6fer Stra\u00dfe die Vorfahrt eines \nLastkraftwagens. In der Folge kam es zum Zusammensto\u00df mit dem \nSchwerfahrzeug. Das Auto des Unfallverursachers geriet nach rechts in \nein Blumenbeet und stie\u00df schlie\u00dflich gegen einen Baum. Dabei wurde der \nPkw so schwer besch\u00e4digt, dass er nicht mehr fahrbereit war. <\/p>\n\n\n\n<p>Verletzt wurde bei dem Unfall niemand. Die Polizei sch\u00e4tzt den entstandenen Sachschaden auf rund 5.000 Euro. <\/p>\n","protected":false},"excerpt":{"rendered":"<div class=\"mh-excerpt\"><p>Polizeimeldungen vom Samstag (02.03.2019) (Speyer) &#8211; Fahrraddieb dank aufmerksamer Zeugen gestellt Zwei aufmerksame Zeugen beobachteten Freitagnacht einen Mann, der sich am Schloss eines im Domgarten abgestellten Fahrrades zu schaffen machte. Nachdem die Zeugen den Mann <a class=\"mh-excerpt-more\" href=\"https:\/\/speyer24news.com\/?p=9384\" title=\"Polizeimeldungen\">[&#8230;]<\/a><\/p>\n<\/div>","protected":false},"author":3,"featured_media":0,"comment_status":"open","ping_status":"open","sticky":false,"template":"","format":"standard","meta":{"_monsterinsights_skip_tracking":false,"_monsterinsights_sitenote_active":false,"_monsterinsights_sitenote_note":"","_monsterinsights_sitenote_category":0,"footnotes":""},"categories":[12],"tags":[61,63,105,53,102,103,106,104],"aioseo_notices":[],"amp_enabled":true,"_links":{"self":[{"href":"https:\/\/speyer24news.com\/index.php?rest_route=\/wp\/v2\/posts\/9384"}],"collection":[{"href":"https:\/\/speyer24news.com\/index.php?rest_route=\/wp\/v2\/posts"}],"about":[{"href":"https:\/\/speyer24news.com\/index.php?rest_route=\/wp\/v2\/types\/post"}],"author":[{"embeddable":true,"href":"https:\/\/speyer24news.com\/index.php?rest_route=\/wp\/v2\/users\/3"}],"replies":[{"embeddable":true,"href":"https:\/\/speyer24news.com\/index.php?rest_route=%2Fwp%2Fv2%2Fcomments&post=9384"}],"version-history":[{"count":3,"href":"https:\/\/speyer24news.com\/index.php?rest_route=\/wp\/v2\/posts\/9384\/revisions"}],"predecessor-version":[{"id":9387,"href":"https:\/\/speyer24news.com\/index.php?rest_route=\/wp\/v2\/posts\/9384\/revisions\/9387"}],"wp:attachment":[{"href":"https:\/\/speyer24news.com\/index.php?rest_route=%2Fwp%2Fv2%2Fmedia&parent=9384"}],"wp:term":[{"taxonomy":"category","embeddable":true,"href":"https:\/\/speyer24news.com\/index.php?rest_route=%2Fwp%2Fv2%2Fcategories&post=9384"},{"taxonomy":"post_tag","embeddable":true,"href":"https:\/\/speyer24news.com\/index.php?rest_route=%2Fwp%2Fv2%2Ftags&post=9384"}],"curies":[{"name":"wp","href":"https:\/\/api.w.org\/{rel}","templated":true}]}}