{"id":9528,"date":"2019-03-04T09:00:21","date_gmt":"2019-03-04T08:00:21","guid":{"rendered":"https:\/\/speyer24news.com\/?p=9528"},"modified":"2019-03-04T13:55:40","modified_gmt":"2019-03-04T12:55:40","slug":"die-bibliothek-des-priesterseminars-hat-eine-neue-leiterin","status":"publish","type":"post","link":"https:\/\/speyer24news.com\/?p=9528","title":{"rendered":"Die Bibliothek des Priesterseminars hat eine neue Leiterin"},"content":{"rendered":"<style type=\"text\/css\">\r\n\t.ads_top_disp{}\r\n\t.ads_top_corner_disp{ float:left; margin:0px 10px 10px 0px; }\r\n\t.ads_first_p_disp{}\r\n\t.ads_bottom_disp{}\r\n\t<\/style>\n<ul class=\"wp-block-gallery columns-1 is-cropped wp-block-gallery-1 is-layout-flex wp-block-gallery-is-layout-flex\"><li class=\"blocks-gallery-item\"><figure><img decoding=\"async\" loading=\"lazy\" width=\"800\" height=\"623\" src=\"https:\/\/speyer24news.com\/wp-content\/uploads\/2019\/03\/Judith-Grassel-Hiltwein-und-Regens-Markus-Magin.jpg\" alt=\"\" data-id=\"9529\" data-link=\"https:\/\/speyer24news.com\/?attachment_id=9529\" class=\"wp-image-9529\" srcset=\"https:\/\/speyer24news.com\/wp-content\/uploads\/2019\/03\/Judith-Grassel-Hiltwein-und-Regens-Markus-Magin.jpg 800w, https:\/\/speyer24news.com\/wp-content\/uploads\/2019\/03\/Judith-Grassel-Hiltwein-und-Regens-Markus-Magin-300x234.jpg 300w, https:\/\/speyer24news.com\/wp-content\/uploads\/2019\/03\/Judith-Grassel-Hiltwein-und-Regens-Markus-Magin-768x598.jpg 768w\" sizes=\"(max-width: 800px) 100vw, 800px\" \/><figcaption>Judith Grassel-Hiltwein und Regens Markus Magi<\/figcaption><\/figure><\/li><\/ul>\n\n\n\n<h3 class=\"wp-block-heading\">Auf Bibliotheksleiter Dr. Herbert Pohl folgt die bisherige Stellvertreterin Judith Grassel-Hiltwein \u2013 Di\u00f6zesanbibliothek will mit ihrem Angebot auch ehrenamtlich Engagierte st\u00e4rker ansprechen<\/h3>\n\n\n\n<p><strong>Speyer \/ Priesterseminar &#8211; <\/strong>F\u00fcr die Bibliothek des Priesterseminars St. German war der Jahreswechsel mit einem Leitungswechsel verbunden. Dr. Herbert Pohl ist nach 28 Berufsjahren an der Spitze der Bibliothek in den Ruhestand gegangen. Auf ihn folgt Judith Grassel-Hiltwein, die bisher als stellvertretende Leiterin t\u00e4tig war.<\/p>\n\n\n\n<p>\u201eDr. Herbert Pohl hat sich mit gro\u00dfer Leidenschaft f\u00fcr die Bibliothek eingesetzt\u201c, w\u00fcrdigt Regens Markus Magin das hohe Engagement des langj\u00e4hrigen Leiters. Mit der Aufnahme der Sammlung von Faksimiles mittelalterlicher Handschriften aus dem Nachlass des K\u00f6lner Germanisten, Altphilologen und Theologen Prof. Johannes Rathofer habe Pohl die wissenschaftliche Bedeutung der Bibliothek nachhaltig erh\u00f6ht. Die Katalogisierung der Best\u00e4nde wurde unter seiner Leitung von Karteikarten auf den Computer umgestellt. \u201eDurch Ausstellungen und Vortragsveranstaltungen ist es zudem gelungen, die Bibliothek bekannter zu machen und weitere Interessenten mit religi\u00f6sen und kirchlichen Themen in Kontakt zu bringen\u201c, hebt Markus Magin hervor.<\/p>\n\n\n\n<p>Die neue Leiterin Judith Grassel-Hiltwein stammt aus dem badischen Wagh\u00e4usel. Sie hat an der Fachhochschule Stuttgart Bibliothekswesen studiert und arbeitet seit 1983 in der Bibliothek des Priesterseminars. Im Jahr 1991 hat die Diplom-Bibliothekarin die stellvertretende Leitung \u00fcbernommen. Ihr Aufgabenspektrum reicht von der Mitwirkung am Aufbau der Best\u00e4nde \u00fcber die Katalogisierung und Schlagwortvergabe bis hin zur Fernleihe. \u201eDas Sch\u00f6ne an einer kleinen Bibliothek ist die Vielfalt der T\u00e4tigkeiten: Hier kann man alles einbringen, was das Bibliothekswesen ausmacht\u201c, erkl\u00e4rt Judith Grassel-Hiltwein, die durch die \u201eLiebe zu B\u00fcchern von klein auf\u201c zu ihrem heutigen Beruf gefunden hat. Besonders sch\u00e4tzt sie den Kontakt mit den Nutzern der Bibliothek. In ihrer neuen Funktion leitet sie ein f\u00fcnfk\u00f6pfiges Team.<\/p>\n\n\n\n<p>Zur Zukunft der Bibliothek haben sie und Regens Markus Magin klare Vorstellungen: \u201eWir wollen weiterhin eine wissenschaftliche Bibliothek mit dem Schwerpunkt auf Werken der praktischen Theologie sein und zugleich die haupt- und ehrenamtlichen Mitarbeiterinnen und Mitarbeiter des Bistums mit B\u00fcchern, Arbeitshilfen und Praxismaterialien bei der Wahrnehmung ihrer Aufgaben bestm\u00f6glich unterst\u00fctzen.\u201c Auch f\u00fcr Lehrer, Studenten und Sch\u00fcler soll die Bibliothek eine bedarfsgerechte und breite Auswahl an aktueller Fachliteratur bereithalten. \u201eDas Priesterseminar will als Pastoralseminar einen aktiven Beitrag f\u00fcr das Bistum leisten. Das wirkt sich auch auf die Konzeption und den Bestand unserer Bibliothek aus\u201c, betonen sie und wollen auch die Zusammenarbeit mit der Bibliothek der Evangelischen Kirche der Pfalz weiter vertiefen. \u201eUnser Ziel ist, dass sich die Angebote und Best\u00e4nde wechselseitig erg\u00e4nzen.\u201c<\/p>\n\n\n\n<p>Die Bibliothek des Priesterseminars, zwischen 1815 und 1830 gegr\u00fcndet, hat heute einen Bestand von \u00fcber 250.000 B\u00e4nden und z\u00e4hlt damit zu den zehn gr\u00f6\u00dften Di\u00f6zesan-Bibliotheken in Deutschland. F\u00fcr das Bistum Speyer erf\u00fcllt sie die Funktion einer Di\u00f6zesanbibliothek und richtet sich mit ihrem Angebot an alle Personen- und Altersgruppen mit Interesse an den Themen Glaube, Religion und Kirche. Die Ausleihe ist kostenlos und kann sowohl telefonisch als auch online erfolgen. Nach einer pers\u00f6nlichen Anmeldung k\u00f6nnen die B\u00fccher den Nutzern auch zugesandt werden. Im Lesesaal sind rund 14.000 B\u00e4nde zug\u00e4nglich. Aktuell sind rund 3.600 Personen als Nutzerinnen und Nutzer der Bibliothek registriert. Pro Jahr verzeichnet die Bibliothek \u00fcber 21.000 Ausleihen. \u201eUnsere Kunden kommen aus dem gesamten Bistum, aber auch aus angrenzenden Gebieten. Theologie-Studenten zum Beispiel aus Mainz oder Trier haben die Vorteile der Bibliothek erkannt und beziehen bei uns Werke, die anderswo schwer erh\u00e4ltlich sind\u201c, berichtet Judith Grassel-Hiltwein. Gefragt ist auch das Angebot, Buch-Dubletten zum Beispiel aus Nachl\u00e4ssen und Schenkungen preisg\u00fcnstig zu erwerben.<\/p>\n\n\n\n<p>Weitere Informationen: <a href=\"http:\/\/www.sankt-german-speyer.de \">www.sankt-german-speyer.de <\/a><\/p>\n\n\n\n<p><em>Bistum Speyer<br>04.03.2019<\/em><\/p>\n","protected":false},"excerpt":{"rendered":"<div class=\"mh-excerpt\"><p>Auf Bibliotheksleiter Dr. Herbert Pohl folgt die bisherige Stellvertreterin Judith Grassel-Hiltwein \u2013 Di\u00f6zesanbibliothek will mit ihrem Angebot auch ehrenamtlich Engagierte st\u00e4rker ansprechen Speyer \/ Priesterseminar &#8211; F\u00fcr die Bibliothek des Priesterseminars St. German war der <a class=\"mh-excerpt-more\" href=\"https:\/\/speyer24news.com\/?p=9528\" title=\"Die Bibliothek des Priesterseminars hat eine neue Leiterin\">[&#8230;]<\/a><\/p>\n<\/div>","protected":false},"author":3,"featured_media":9529,"comment_status":"open","ping_status":"open","sticky":false,"template":"","format":"standard","meta":{"_monsterinsights_skip_tracking":false,"_monsterinsights_sitenote_active":false,"_monsterinsights_sitenote_note":"","_monsterinsights_sitenote_category":0,"footnotes":""},"categories":[120],"tags":[124,122,125,121,123,6],"aioseo_notices":[],"amp_enabled":true,"_links":{"self":[{"href":"https:\/\/speyer24news.com\/index.php?rest_route=\/wp\/v2\/posts\/9528"}],"collection":[{"href":"https:\/\/speyer24news.com\/index.php?rest_route=\/wp\/v2\/posts"}],"about":[{"href":"https:\/\/speyer24news.com\/index.php?rest_route=\/wp\/v2\/types\/post"}],"author":[{"embeddable":true,"href":"https:\/\/speyer24news.com\/index.php?rest_route=\/wp\/v2\/users\/3"}],"replies":[{"embeddable":true,"href":"https:\/\/speyer24news.com\/index.php?rest_route=%2Fwp%2Fv2%2Fcomments&post=9528"}],"version-history":[{"count":1,"href":"https:\/\/speyer24news.com\/index.php?rest_route=\/wp\/v2\/posts\/9528\/revisions"}],"predecessor-version":[{"id":9530,"href":"https:\/\/speyer24news.com\/index.php?rest_route=\/wp\/v2\/posts\/9528\/revisions\/9530"}],"wp:featuredmedia":[{"embeddable":true,"href":"https:\/\/speyer24news.com\/index.php?rest_route=\/wp\/v2\/media\/9529"}],"wp:attachment":[{"href":"https:\/\/speyer24news.com\/index.php?rest_route=%2Fwp%2Fv2%2Fmedia&parent=9528"}],"wp:term":[{"taxonomy":"category","embeddable":true,"href":"https:\/\/speyer24news.com\/index.php?rest_route=%2Fwp%2Fv2%2Fcategories&post=9528"},{"taxonomy":"post_tag","embeddable":true,"href":"https:\/\/speyer24news.com\/index.php?rest_route=%2Fwp%2Fv2%2Ftags&post=9528"}],"curies":[{"name":"wp","href":"https:\/\/api.w.org\/{rel}","templated":true}]}}