{"id":9832,"date":"2019-03-07T09:53:43","date_gmt":"2019-03-07T08:53:43","guid":{"rendered":"https:\/\/speyer24news.com\/?p=9832"},"modified":"2019-03-07T09:54:02","modified_gmt":"2019-03-07T08:54:02","slug":"5-energie-und-klimaschutzmesse-aufruf-zur-beteiligung","status":"publish","type":"post","link":"https:\/\/speyer24news.com\/?p=9832","title":{"rendered":"5. Energie- und Klimaschutzmesse"},"content":{"rendered":"<style type=\"text\/css\">\r\n\t.ads_top_disp{}\r\n\t.ads_top_corner_disp{ float:left; margin:0px 10px 10px 0px; }\r\n\t.ads_first_p_disp{}\r\n\t.ads_bottom_disp{}\r\n\t<\/style>\n<figure class=\"wp-block-image\"><img decoding=\"async\" loading=\"lazy\" width=\"640\" height=\"480\" src=\"https:\/\/speyer24news.com\/wp-content\/uploads\/2019\/03\/DSC05923.jpg\" alt=\"\" class=\"wp-image-9833\" srcset=\"https:\/\/speyer24news.com\/wp-content\/uploads\/2019\/03\/DSC05923.jpg 640w, https:\/\/speyer24news.com\/wp-content\/uploads\/2019\/03\/DSC05923-300x225.jpg 300w, https:\/\/speyer24news.com\/wp-content\/uploads\/2019\/03\/DSC05923-326x245.jpg 326w, https:\/\/speyer24news.com\/wp-content\/uploads\/2019\/03\/DSC05923-80x60.jpg 80w\" sizes=\"(max-width: 640px) 100vw, 640px\" \/><figcaption>SWS Windpark in Hatzenb\u00fchl<\/figcaption><\/figure>\n\n\n\n<p><strong>Ha\u00dfloch &#8211;<\/strong> Am Sonntag, den 14. April 2019 veranstaltet die Gemeinde Ha\u00dfloch ihre f\u00fcnfte Energie- und Klimaschutzmesse. Regionalen Anbietern nachhaltiger und klimaschonender Produkte und Dienstleistungen wird die Gelegenheit geboten, diese im Rahmen der Messe zu pr\u00e4sentieren und Kundenkontakte zu kn\u00fcpfen.<\/p>\n\n\n\n<p>Der Schwerpunkt der diesj\u00e4hrigen Veranstaltung soll auf den Themen Mobilit\u00e4t und nachhaltige W\u00e4rmeerzeugung liegen. Mit der Messe m\u00f6chten die Gemeinde die Ha\u00dflocher B\u00fcrgerinnen und B\u00fcrger und andere interessierte Besucher \u00fcber die aktuellen Angebote im Bereich der Elektromobilit\u00e4t, des \u00d6PNV sowie die M\u00f6glichkeiten informieren, Energie und Kosten im Bereich des Heizens zu sparen und erneuerbare Energien einzusetzen. F\u00fcr die Ausstellung stehen die neu renovierte Schulturnhalle sowie der Schulhof der Schillerschule zur Verf\u00fcgung.<\/p>\n\n\n\n<figure class=\"wp-block-image\"><img decoding=\"async\" loading=\"lazy\" width=\"800\" height=\"600\" src=\"https:\/\/speyer24news.com\/wp-content\/uploads\/2019\/03\/DSC03411.jpg\" alt=\"\" class=\"wp-image-9834\" srcset=\"https:\/\/speyer24news.com\/wp-content\/uploads\/2019\/03\/DSC03411.jpg 800w, https:\/\/speyer24news.com\/wp-content\/uploads\/2019\/03\/DSC03411-300x225.jpg 300w, https:\/\/speyer24news.com\/wp-content\/uploads\/2019\/03\/DSC03411-768x576.jpg 768w, https:\/\/speyer24news.com\/wp-content\/uploads\/2019\/03\/DSC03411-678x509.jpg 678w, https:\/\/speyer24news.com\/wp-content\/uploads\/2019\/03\/DSC03411-326x245.jpg 326w, https:\/\/speyer24news.com\/wp-content\/uploads\/2019\/03\/DSC03411-80x60.jpg 80w\" sizes=\"(max-width: 800px) 100vw, 800px\" \/><\/figure>\n\n\n\n<p>Zus\u00e4tzlich soll die M\u00f6glichkeit geboten werden, neben den Hauptthemen der Messe auch weitere Angebote aus dem gesamten Spektrum des Energiesparens und der erneuerbaren Energien bzw. des Klimaschutzes pr\u00e4sentieren zu k\u00f6nnen, von der energieeffizienten Geb\u00e4udeh\u00fclle \u00fcber das Thema L\u00fcftung bis hin zur Photovoltaikanlage.<\/p>\n\n\n\n<p>Parallel zur Ausstellung soll eine Vortragsreihe stattfinden, die den aktuellen Stand der Messethemen sowie die zur Verf\u00fcgung stehenden \u00f6ffentlichen F\u00f6rderprogramme n\u00e4her erl\u00e4utern. <\/p>\n\n\n\n<p><em>Text: Gemeindeverwaltung Ha\u00dfloch Foto: Speyer 24\/7 News, dak<br>07.03.2019<\/em><\/p>\n","protected":false},"excerpt":{"rendered":"<div class=\"mh-excerpt\"><p>Ha\u00dfloch &#8211; Am Sonntag, den 14. April 2019 veranstaltet die Gemeinde Ha\u00dfloch ihre f\u00fcnfte Energie- und Klimaschutzmesse. Regionalen Anbietern nachhaltiger und klimaschonender Produkte und Dienstleistungen wird die Gelegenheit geboten, diese im Rahmen der Messe zu <a class=\"mh-excerpt-more\" href=\"https:\/\/speyer24news.com\/?p=9832\" title=\"5. Energie- und Klimaschutzmesse\">[&#8230;]<\/a><\/p>\n<\/div>","protected":false},"author":3,"featured_media":9833,"comment_status":"open","ping_status":"open","sticky":false,"template":"","format":"standard","meta":{"_monsterinsights_skip_tracking":false,"_monsterinsights_sitenote_active":false,"_monsterinsights_sitenote_note":"","_monsterinsights_sitenote_category":0,"footnotes":""},"categories":[10],"tags":[181,180,182,183,184],"aioseo_notices":[],"amp_enabled":true,"_links":{"self":[{"href":"https:\/\/speyer24news.com\/index.php?rest_route=\/wp\/v2\/posts\/9832"}],"collection":[{"href":"https:\/\/speyer24news.com\/index.php?rest_route=\/wp\/v2\/posts"}],"about":[{"href":"https:\/\/speyer24news.com\/index.php?rest_route=\/wp\/v2\/types\/post"}],"author":[{"embeddable":true,"href":"https:\/\/speyer24news.com\/index.php?rest_route=\/wp\/v2\/users\/3"}],"replies":[{"embeddable":true,"href":"https:\/\/speyer24news.com\/index.php?rest_route=%2Fwp%2Fv2%2Fcomments&post=9832"}],"version-history":[{"count":2,"href":"https:\/\/speyer24news.com\/index.php?rest_route=\/wp\/v2\/posts\/9832\/revisions"}],"predecessor-version":[{"id":9836,"href":"https:\/\/speyer24news.com\/index.php?rest_route=\/wp\/v2\/posts\/9832\/revisions\/9836"}],"wp:featuredmedia":[{"embeddable":true,"href":"https:\/\/speyer24news.com\/index.php?rest_route=\/wp\/v2\/media\/9833"}],"wp:attachment":[{"href":"https:\/\/speyer24news.com\/index.php?rest_route=%2Fwp%2Fv2%2Fmedia&parent=9832"}],"wp:term":[{"taxonomy":"category","embeddable":true,"href":"https:\/\/speyer24news.com\/index.php?rest_route=%2Fwp%2Fv2%2Fcategories&post=9832"},{"taxonomy":"post_tag","embeddable":true,"href":"https:\/\/speyer24news.com\/index.php?rest_route=%2Fwp%2Fv2%2Ftags&post=9832"}],"curies":[{"name":"wp","href":"https:\/\/api.w.org\/{rel}","templated":true}]}}