{"id":9840,"date":"2019-03-07T10:32:49","date_gmt":"2019-03-07T09:32:49","guid":{"rendered":"https:\/\/speyer24news.com\/?p=9840"},"modified":"2019-03-07T10:32:51","modified_gmt":"2019-03-07T09:32:51","slug":"schuelertage-des-bistums-speyers-beendet","status":"publish","type":"post","link":"https:\/\/speyer24news.com\/?p=9840","title":{"rendered":"Sch\u00fclertage des Bistums Speyers beendet"},"content":{"rendered":"<style type=\"text\/css\">\r\n\t.ads_top_disp{}\r\n\t.ads_top_corner_disp{ float:left; margin:0px 10px 10px 0px; }\r\n\t.ads_first_p_disp{}\r\n\t.ads_bottom_disp{}\r\n\t<\/style>\n<h3 class=\"wp-block-heading\">Rund 580 Sch\u00fclerinnen und Sch\u00fcler aus 19 Schulen erlebten Kirche aus der N\u00e4he<\/h3>\n\n\n\n<figure class=\"wp-block-image\"><img decoding=\"async\" loading=\"lazy\" width=\"800\" height=\"549\" src=\"https:\/\/speyer24news.com\/wp-content\/uploads\/2019\/03\/Schuelertage38.jpg\" alt=\"\" class=\"wp-image-9841\" srcset=\"https:\/\/speyer24news.com\/wp-content\/uploads\/2019\/03\/Schuelertage38.jpg 800w, https:\/\/speyer24news.com\/wp-content\/uploads\/2019\/03\/Schuelertage38-300x206.jpg 300w, https:\/\/speyer24news.com\/wp-content\/uploads\/2019\/03\/Schuelertage38-768x527.jpg 768w\" sizes=\"(max-width: 800px) 100vw, 800px\" \/><figcaption>Generalvikar Andreas Sturm stellte sich den Fragen der Jugendlichen (Foto: Klaus Landry)<\/figcaption><\/figure>\n\n\n\n<p><strong>Speyer &#8211; <\/strong>Am 05.02.2019 endeten die Sch\u00fclertage 2019 im Bistum Speyer. Rund 580 Jugendliche von 19 Schulen nahmen mit ihren Religionslehrerinnen und Religionslehrern das Angebot wahr, ihre Di\u00f6zese n\u00e4her kennen zu lernen. 77 Sch\u00fclerinnen und Sch\u00fcler des Heinrich-B\u00f6ll-Gymnasiums und des Wilhelm-von Humboldt-Gymnasiums in Ludwigshafen, der Integrierten Gesamtschule Am Nanstein in Landstuhl und des Burggymnasiums Kaiserslautern waren am letzten der insgesamt sieben Sch\u00fclertage in Speyer zu Gast.<\/p>\n\n\n\n<p>\u201eBei den Sch\u00fclerinnen und Sch\u00fclern kommen vor allem die verschiedenen Workshopangebote und das Gespr\u00e4ch mit der Bistumsleitung sehr gut an. Viele haben sich gefreut, dass sie in diesem Jahr mit dem neuen Generalvikar Andreas Sturm sprechen konnten. Auch die neuen Workshopangebote wurden gut angenommen. Das h\u00f6chste Interesse haben dabei die Themen sexueller Missbrauch und Seelsorge f\u00fcr homosexuelle Menschen gefunden\u201c, zieht die Initiatorin und Organisatorin Dr. Irina Kreusch von der Bisch\u00f6flichen Schulabteilung in Speyer ein erstes Fazit.<\/p>\n\n\n\n<h4 class=\"wp-block-heading\">Vielf\u00e4ltiges Informations- und Workshop-Angebot<\/h4>\n\n\n\n<figure class=\"wp-block-image\"><img decoding=\"async\" loading=\"lazy\" width=\"800\" height=\"593\" src=\"https:\/\/speyer24news.com\/wp-content\/uploads\/2019\/03\/Schuelertage048DKKohlinderTaufkapelledesDomes.jpg\" alt=\"\" class=\"wp-image-9842\" srcset=\"https:\/\/speyer24news.com\/wp-content\/uploads\/2019\/03\/Schuelertage048DKKohlinderTaufkapelledesDomes.jpg 800w, https:\/\/speyer24news.com\/wp-content\/uploads\/2019\/03\/Schuelertage048DKKohlinderTaufkapelledesDomes-300x222.jpg 300w, https:\/\/speyer24news.com\/wp-content\/uploads\/2019\/03\/Schuelertage048DKKohlinderTaufkapelledesDomes-768x569.jpg 768w, https:\/\/speyer24news.com\/wp-content\/uploads\/2019\/03\/Schuelertage048DKKohlinderTaufkapelledesDomes-80x60.jpg 80w\" sizes=\"(max-width: 800px) 100vw, 800px\" \/><figcaption>Domdekan Dr. Christoph Kohl erkl\u00e4rte Sch\u00fclerinnen und Sch\u00fclern die Taufkapelle im Dom (Foto: Klaus Landry)<\/figcaption><\/figure>\n\n\n\n<p>Das Programm begann an allen sieben Tagen mit F\u00fchrungen durch den Dom, auch in Bereiche, die sonst Besuchern verschlossen sind. Nach einer Gespr\u00e4chsrunde mit Informationen \u00fcber das Bistum allgemein und die Arbeit der Caritas konnten die Sch\u00fclerinnen und Sch\u00fcler jeweils zwei Workshops aus einem breitgef\u00e4cherten Themenspektrum ausw\u00e4hlen. Das Angebot reichte von einem Escape-Room im Bistumsarchiv \u00fcber Informationen zum Freiwilligen Sozialen Jahr und dem Bundesfreiwilligendienst bis zu einem Einblick in die Redaktion der Kirchenzeitung \u201eDer Pilger\u201c. \u201cBeten mit dem Smartphone\u201c hie\u00df ein anderes Angebot, in dem es um die Netzgemeinde \u201eda_zwischen\u201c im Bistum ging. Vorgestellt wurde au\u00dferdem das Engagement des Caritasverbandes in der Fl\u00fcchtlingsunterkunft in der Engelsgasse in Speyer. Auch die Begegnung mit einem Gef\u00e4ngnisseelsorger, Workshops zu den Themen \u201eKirchen, Sekten, Konfessionen\u201c, \u201esexueller Missbrauch\u201c und die pastoralen Angebote f\u00fcr homosexuelle Menschen sowie Informationen zur kirchlichen Eheschlie\u00dfung waren Teil des Programms.<\/p>\n\n\n\n<p>\u201eWir haben in den Workshops interessante Gespr\u00e4che mit den Jugendlichen gef\u00fchrt. Wir haben Meinungen ausgetauscht und gemerkt, dass die Jugendlichen auch sehr interessiert an der Position der Kirche zum Thema Homosexualit\u00e4t sind\u201c, erkl\u00e4rt Monika Kreiner, Referentin f\u00fcr Frauenseelsorge und Seelsorge f\u00fcr homosexuelle Menschen im Bistum Speyer. Workshop-Leiterin Kathi Nissen vom Bund der Deutschen Katholischen Jugend (BDKJ) sagt: \u201eDie Sch\u00fclertage sind hilfreich um zu schauen, welchen Bedarf die Sch\u00fclerinnen und Sch\u00fcler vor Ort haben &#8211; und in gewisserma\u00dfen auch Werbung f\u00fcr unsere eigene Zukunft. Deswegen sind wir dabei.\u201c<\/p>\n\n\n\n<h4 class=\"wp-block-heading\">Offener Dialog mit Vertretern der Bistumsleitung<\/h4>\n\n\n\n<figure class=\"wp-block-image\"><img decoding=\"async\" loading=\"lazy\" width=\"800\" height=\"570\" src=\"https:\/\/speyer24news.com\/wp-content\/uploads\/2019\/03\/Schuelertage123.jpg\" alt=\"\" class=\"wp-image-9843\" srcset=\"https:\/\/speyer24news.com\/wp-content\/uploads\/2019\/03\/Schuelertage123.jpg 800w, https:\/\/speyer24news.com\/wp-content\/uploads\/2019\/03\/Schuelertage123-300x214.jpg 300w, https:\/\/speyer24news.com\/wp-content\/uploads\/2019\/03\/Schuelertage123-768x547.jpg 768w\" sizes=\"(max-width: 800px) 100vw, 800px\" \/><figcaption>Bischof Dr. Karl-Heinz Wiesemann stellte sich den Fragen der Jugendlichen (Foto: Klaus Landry)<\/figcaption><\/figure>\n\n\n\n<p>Den Abschluss der Sch\u00fclertage bildete jeweils ein Gespr\u00e4ch mit der Bistumsleitung. Bischof Dr. Karl-Heinz Wiesemann, Weihbischof Otto Georgens, Generalvikar Andreas Sturm und Domkapitular Dr. Christoph Kohl stellten sich den Fragen der Jugendlichen. \u201eEs beeindruckt mich immer wieder, welche tiefgehenden Fragen die Jugendlichen angesprochen haben. Das ging von pers\u00f6nlichen Glaubensfragen bis hin zu Themen der medizinischen Ethik. Oft gestellt wurde die Frage nach der Modernit\u00e4t der katholischen Kirche und was der Bischof und das Bistum dazu unternehmen. Auch die Frage nach der kirchlichen Haltung zur Homosexualit\u00e4t und zum Amt der Frau der Kirche wurden von den Sch\u00fclerinnen und Sch\u00fclern, \u00e4hnlich wie in den vergangenen Jahren, erneut eingebracht\u201c, berichtet Irina Kreusch.<\/p>\n\n\n\n<h4 class=\"wp-block-heading\">\u201eBeeindruckende und sch\u00fclernahe Themenwahl\u201c<\/h4>\n\n\n\n<p>Sven Riedler, Lehrer am Heinrich-B\u00f6ll-Gymnasium Ludwigshafen, ist von den Sch\u00fclertagen begeistert: \u201eDie Organisation ist ganz toll. Die Themenauswahl finde ich beeindruckend und sch\u00fclernah. Ich finde es sch\u00f6n, unseren Sch\u00fclerinnen und Sch\u00fclern das Bistum aus dieser Perspektive n\u00e4herzubringen. In der Schule k\u00f6nnen wir immer nur der Schule entsprechend unterrichten und hier hingegen direkt mit Experten des Bistums zusammensitzen &#8211; das ist sehr wertvoll f\u00fcr uns.\u201c Und auch Martin Loreth, Lehrer an der IGS Am Nanstein in Landstuhl, bewertet die Veranstaltung positiv: \u201eIch finde die Sch\u00fclertage sind eine hervorragende Gelegenheit, damit unsere Sch\u00fclerinnen und Sch\u00fcler das Bistum als lebendige Gemeinschaft erleben und dadurch die M\u00f6glichkeit haben, Kirche auf eine andere Art und Weise zu entdecken.\u201c<\/p>\n\n\n\n<p>\u201eSuper spannend, informativ, tolle Idee, gute und offene Diskussionsrunden\u201c \u2013 so einige R\u00fcckmeldungen von Sch\u00fclerinnen und Sch\u00fclern. \u201eMan lernt hier ziemlich viel. Vor allem wenn man keine Ahnung hat, was man nach der Schule machen soll. Von daher bekommt man durch die Sch\u00fclertage eine kleine Orientierungshilfe\u201c, sagt Adrian aus Ludwigshafen. Und auch Jens aus Landstuhl  lobt die Veranstaltung: \u201eMir haben die Sch\u00fclertage ganz gut gefallen. Es war interessant zu erfahren, welche Angebote das Bistum macht. Einige Dinge wusste ich schon vorher. Insgesamt bin ich positiv \u00fcberrascht.\u201c<\/p>\n\n\n\n<p>In diesem Jahr hatten 15 Gymnasien, drei Integrierte Gesamtschulen und eine Berufsbildende Schule ihre Teilnahme angemeldet. Einige Schulen \u2013 wie die Berufsbildende Schule (BBS) in Landstuhl, die Integrierte Gesamtschule (IGS) Landau und das Nikolaus-von Weis-Gymnasium Speyer \u2013 waren erstmals dabei, andere Schulen haben mit verschiedenen Klassen schon mehrere Male teilgenommen. Die Maria Ward Schule Landau nahm allein mit 74 Teilnehmerinnen am gestrigen Montag an den Sch\u00fclertagen teil. Begleitet wurden die Jugendlichen von 30 Lehrerinnen und Lehrern. Den weitesten Weg zu den Sch\u00fclertagen, die zum siebten Mal stattfanden, hatten in diesem Jahr die Sch\u00fclerinnen und Sch\u00fcler aus Landstuhl.<\/p>\n\n\n\n<figure class=\"wp-block-image\"><img decoding=\"async\" loading=\"lazy\" width=\"800\" height=\"452\" src=\"https:\/\/speyer24news.com\/wp-content\/uploads\/2019\/03\/SchuelertageVorstellungderWorkshopsIMG_20190204_115425.jpg\" alt=\"\" class=\"wp-image-9844\" srcset=\"https:\/\/speyer24news.com\/wp-content\/uploads\/2019\/03\/SchuelertageVorstellungderWorkshopsIMG_20190204_115425.jpg 800w, https:\/\/speyer24news.com\/wp-content\/uploads\/2019\/03\/SchuelertageVorstellungderWorkshopsIMG_20190204_115425-300x170.jpg 300w, https:\/\/speyer24news.com\/wp-content\/uploads\/2019\/03\/SchuelertageVorstellungderWorkshopsIMG_20190204_115425-768x434.jpg 768w\" sizes=\"(max-width: 800px) 100vw, 800px\" \/><figcaption>Die Workshop-Leiterinnen und Workshop-Leiter stellen Ihre Angebote vor (Foto: Schulabteilung)<\/figcaption><\/figure>\n\n\n\n<h4 class=\"wp-block-heading\">Ansprechpartnerin:<\/h4>\n\n\n\n<p>Dr. Irina Kreusch, Oberschulr\u00e4tin i.K.<br> Hauptabteilung Schulen, Hochschulen, Bildung<br> Bisch\u00f6fliches Ordinariat Speyer<br> Gro\u00dfe Pfaffengasse 13<br> Tel. 0 62 32\/ 102-217<br> Handy: 0151 \/ 14879780<br> Mail: irina.kreusch@bistum-speyer.de<br> <a href=\"https:\/\/www.bistum-speyer.de\/erziehung-schule-bildung\/religionsunterricht\/schuelertage\/\">https:\/\/www.bistum-speyer.de\/erziehung-schule-bildung\/religionsunterricht\/schuelertage\/<\/a><\/p>\n\n\n\n<p><em>Text: Bistum Speyer Foto: (1) &#8211; (3), Klaus Landry; (4) Schulabteilung<br>07.03.2019<\/em><\/p>\n","protected":false},"excerpt":{"rendered":"<div class=\"mh-excerpt\"><p>Rund 580 Sch\u00fclerinnen und Sch\u00fcler aus 19 Schulen erlebten Kirche aus der N\u00e4he Speyer &#8211; Am 05.02.2019 endeten die Sch\u00fclertage 2019 im Bistum Speyer. Rund 580 Jugendliche von 19 Schulen nahmen mit ihren Religionslehrerinnen und <a class=\"mh-excerpt-more\" href=\"https:\/\/speyer24news.com\/?p=9840\" title=\"Sch\u00fclertage des Bistums Speyers beendet\">[&#8230;]<\/a><\/p>\n<\/div>","protected":false},"author":3,"featured_media":9843,"comment_status":"open","ping_status":"open","sticky":false,"template":"","format":"standard","meta":{"_monsterinsights_skip_tracking":false,"_monsterinsights_sitenote_active":false,"_monsterinsights_sitenote_note":"","_monsterinsights_sitenote_category":0,"footnotes":""},"categories":[120],"tags":[174,189,6],"aioseo_notices":[],"amp_enabled":true,"_links":{"self":[{"href":"https:\/\/speyer24news.com\/index.php?rest_route=\/wp\/v2\/posts\/9840"}],"collection":[{"href":"https:\/\/speyer24news.com\/index.php?rest_route=\/wp\/v2\/posts"}],"about":[{"href":"https:\/\/speyer24news.com\/index.php?rest_route=\/wp\/v2\/types\/post"}],"author":[{"embeddable":true,"href":"https:\/\/speyer24news.com\/index.php?rest_route=\/wp\/v2\/users\/3"}],"replies":[{"embeddable":true,"href":"https:\/\/speyer24news.com\/index.php?rest_route=%2Fwp%2Fv2%2Fcomments&post=9840"}],"version-history":[{"count":1,"href":"https:\/\/speyer24news.com\/index.php?rest_route=\/wp\/v2\/posts\/9840\/revisions"}],"predecessor-version":[{"id":9845,"href":"https:\/\/speyer24news.com\/index.php?rest_route=\/wp\/v2\/posts\/9840\/revisions\/9845"}],"wp:featuredmedia":[{"embeddable":true,"href":"https:\/\/speyer24news.com\/index.php?rest_route=\/wp\/v2\/media\/9843"}],"wp:attachment":[{"href":"https:\/\/speyer24news.com\/index.php?rest_route=%2Fwp%2Fv2%2Fmedia&parent=9840"}],"wp:term":[{"taxonomy":"category","embeddable":true,"href":"https:\/\/speyer24news.com\/index.php?rest_route=%2Fwp%2Fv2%2Fcategories&post=9840"},{"taxonomy":"post_tag","embeddable":true,"href":"https:\/\/speyer24news.com\/index.php?rest_route=%2Fwp%2Fv2%2Ftags&post=9840"}],"curies":[{"name":"wp","href":"https:\/\/api.w.org\/{rel}","templated":true}]}}