{"id":9888,"date":"2019-03-10T08:56:45","date_gmt":"2019-03-10T07:56:45","guid":{"rendered":"https:\/\/speyer24news.com\/?p=9888"},"modified":"2019-03-10T08:56:47","modified_gmt":"2019-03-10T07:56:47","slug":"polizeimeldungen-8","status":"publish","type":"post","link":"https:\/\/speyer24news.com\/?p=9888","title":{"rendered":"Polizeimeldungen"},"content":{"rendered":"<style type=\"text\/css\">\r\n\t.ads_top_disp{}\r\n\t.ads_top_corner_disp{ float:left; margin:0px 10px 10px 0px; }\r\n\t.ads_first_p_disp{}\r\n\t.ads_bottom_disp{}\r\n\t<\/style>\n<figure class=\"wp-block-image\"><img decoding=\"async\" src=\"https:\/\/speyer24news.com\/wp-content\/uploads\/2019\/02\/Polizeilogo-Neu.jpg\" alt=\"\" class=\"wp-image-5375\"\/><\/figure>\n\n\n\n<h2 class=\"wp-block-heading\" id=\"mce_0\">Polizeimeldungen vom Freitag 09.03.2019<\/h2>\n\n\n\n<figure class=\"wp-block-image is-resized\"><img decoding=\"async\" loading=\"lazy\" src=\"https:\/\/speyer24news.com\/wp-content\/uploads\/2019\/03\/Aktuelles-Polizeilogo.jpg\" alt=\"\" class=\"wp-image-9243\" width=\"571\" height=\"761\"\/><\/figure>\n\n\n\n<h4 class=\"wp-block-heading\">(Germersheim) &#8211; Unfallflucht<\/h4>\n\n\n\n<p>Von Donnerstag, den 7.3.2019, auf Freitag, den 8.3.2019, besch\u00e4digte  ein bislang unbekannter Verkehrsteilnehmer in der Friedrich-Ebert-Stra\u00dfe  in Germersheim ein am Fahrbahnrand stehendes Fahrzeug. Ohne sich um die  Schadensregulierung zu k\u00fcmmern, wurde die Unfall\u00f6rtlichkeit verlassen. <\/p>\n\n\n\n<p>Zeugenhinweise nimmt die Polizeiinspektion Germersheim telefonisch unter 07274\/958-0 oder per Mail unter <a href=\"mailto:pigermersheim@polizei.rlp.de\">pigermersheim@polizei.rlp.de<\/a>  entgegen. <\/p>\n\n\n\n<h4 class=\"wp-block-heading\">(Germersheim) &#8211; Verkehrskontrollen im Dienstgebiet der Polizeiinspektion  Germersheim<\/h4>\n\n\n\n<p>Am vergangenen Donnerstag wurden in Weingarten, aus Richtung Lustadt  kommend, Verkehrskontrollen durchgef\u00fchrt. Hierbei konnten zwei  &#8222;Gurtmuffel&#8220; festgestellt werden. Weiterhin wurde ein  Geschwindigkeitsversto\u00df mit 69 km\/h gemessen. <\/p>\n\n\n\n<p>Aufgrund von  B\u00fcrgerbeschwerden erfolgten zudem Durchfahrtskontrollen in der  Friedhofstra\u00dfe in Bellheim. In der nur f\u00fcr Anlieger freigegebenen Stra\u00dfe  konnten 13 Fahrzeuge festgestellt werden, welche unberechtigt die  Stra\u00dfe befuhren. Die jeweiligen Fahrzeugf\u00fchrer wurden entsprechend  verwarnt. <\/p>\n\n\n\n<h4 class=\"wp-block-heading\">(Bellheim) &#8211; Abges\u00e4gte B\u00e4ume<\/h4>\n\n\n\n<p>Am Heideweg, neben dem Postgeb\u00e4ude, wurden zwei B\u00e4ume durch unbekannte  T\u00e4ter gef\u00e4llt. Die B\u00e4ume waren durch die Gemeinde vor etwa 60 Jahren gepflanzt worden. <\/p>\n\n\n\n<p>Zeugenhinweise nimmt die Polizeiinspektion Germersheim telefonisch unter 07274\/958-0 oder per Mail unter <a href=\"mailto:pigermersheim@polizei.rlp.de\">pigermersheim@polizei.rlp.de<\/a>  entgegen. <\/p>\n\n\n\n<h4 class=\"wp-block-heading\">(Knittelsheim) &#8211; Einbruch in Vereinsheim<\/h4>\n\n\n\n<p>Durch Unbekannte wurde von Donnerstag, den 7.3.2019, auf Freitag, den  8.3.2019, das Vereinsheim des TUS Knittelsheim angegangen und mehrere  Gegenst\u00e4nde aus diesem entwendet. <\/p>\n\n\n\n<p>Zeugenhinweise nimmt die Polizeiinspektion Germersheim telefonisch unter 07274\/958-0 oder per Mail unter <a href=\"mailto:pigermersheim@polizei.rlp.de\">pigermersheim@polizei.rlp.de<\/a>  entgegen. <\/p>\n\n\n\n<h4 class=\"wp-block-heading\">(Kandel \/ B 9) &#8211; Gef\u00e4hrliches \u00dcberholman\u00f6ver f\u00fchrt zum Unfall<\/h4>\n\n\n\n<figure class=\"wp-block-image\"><a href=\"https:\/\/cache.pressmailing.net\/content\/c75c7222-450f-4838-9c86-eb494e0b682b\/VUB9Kandel.jpg?attachment=false.jpg\"><img decoding=\"async\" src=\"https:\/\/cache.pressmailing.net\/thumbnail\/story_big\/c75c7222-450f-4838-9c86-eb494e0b682b\/pol-pdld-gefaehrliches-ueberholmanoever-fuehrt-zum-unfall\" alt=\"\"\/><\/a><\/figure>\n\n\n\n<p>Am 09.03.2019 gegen 15:50 Uhr kam es auf der Bienwald B9 in H\u00f6he der  Anschlussstelle Kandel zu einem schweren Verkehrsunfall mit drei  verletzten Personen. Nach den bisherigen polizeilichen Ermittlungen  stellte sich der Verkehrsunfall wie folgt dar. Ein 63-J\u00e4hriger  BMW-Fahrer aus dem Landkreis Lahr fuhr an der Anschlussstelle Kandel S\u00fcd  auf die Bienwald B9 in Richtung Frankreich. Kurz darauf setzte er trotz  \u00dcberholverbot zum \u00dcberholen eines vor ihm befindlichen VW-Fahrers an.  Der entgegenkommende LKW-Fahrer musste daraufhin stark abbremsen und  wich nach rechts auf die Bankette aus. Der BMW-Fahrer versuchte  daraufhin wieder schnellstm\u00f6glich rechts einzuscheren und kollidierte  dabei mit dem neben ihm befindlichen VW-Fahrer. Der entgegenkommende  LKW-Fahrer kollidierte ebenfalls noch seitlich mit dem BMW-Fahrer und  riss ihm dabei die linke Fahrzeugseite komplett auf. Der BMW-Fahrer  erlitt hierdurch Verletzungen im Gesichtsbereich und wurde durch den  Rettungswagen in ein Krankenhaus verbracht. Die beiden im Fahrzeug  befindlichen Kinder im Alter von 10 und 13 Jahren wurden ebenfalls  verletzt und durch den Rettungswagen in ein Krankenhaus verbracht. Die  noch im Fahrzeug befindliche Mutter erlitt keine sichtlichen  Verletzungen. Es kam zu Verkehrsbeeintr\u00e4chtigungen, welche  Verkehrslenkungsma\u00dfnahmen erforderten. Beide Fahrspuren waren gegen  17:30 Uhr wieder uneingeschr\u00e4nkt befahrbar. Der verursachte  Gesamtschaden wird auf ca. 80.000 Euro gesch\u00e4tzt. <\/p>\n\n\n\n<h4 class=\"wp-block-heading\">(W\u00f6rth \/ B 10 \/ Rheinbr\u00fccke) &#8211; 75 Verst\u00f6\u00dfe in 20 Minuten \/ Rheinbr\u00fccke linker Fahrstreifen<\/h4>\n\n\n\n<p>Am Samstag, den 09.03.2019, wurde von 15:30 Uhr bis 15:50 Uhr der  Fahrzeugverkehr an der Baustelle auf der Rheinbr\u00fccke (B10) in  Fahrtrichtung Karlsruhe \u00fcberwacht. Es gilt, Fahrzeuge, welche breiter  als 2 Meter sind (inklusive Au\u00dfenspiegel) d\u00fcrfen den linken Fahrstreifen  nicht benutzen. Auf dieses Verbot wird fr\u00fchzeitig mehrfach durch ein  Verkehrszeichen hingewiesen. Im Rahmen der Verkehrs\u00fcberwachung wurden  innerhalb von 20 Minuten 75 Fahrzeuge festgestellt, welche dieses Verbot  missachteten. Die Verwarnung ist mit einer Geldbu\u00dfe in H\u00f6he von 20,-  Euro behaftet. Die festgestellten Fahrzeugf\u00fchrer m\u00fcssen nun mit einer  Anzeige rechnen. Aufgrund der Missachtung dieses Verbots kommt es  regelm\u00e4\u00dfig zu Verkehrsunf\u00e4llen, da die baulichen Gegebenheiten ein  \u00dcberholen nur unter den genannten Voraussetzungen ohne gr\u00f6\u00dfere  Beeintr\u00e4chtigungen zul\u00e4sst. Es werden auch in Zukunft  Verkehrs\u00fcberwachungen durchgef\u00fchrt und Verst\u00f6\u00dfe dementsprechend mit  einem Verwarnungsgeld geahndet.<\/p>\n\n\n\n<h4 class=\"wp-block-heading\">(Bad Bergzabern) &#8211; Kontrollen in der D\u00e4mmerung<\/h4>\n\n\n\n<p>Am Abend des 08.03. und 09.03. f\u00fchrten Beamte der Polizei Bad  Bergzabern verst\u00e4rkt Kontrollen hinsichtlich defekter  Fahrzeugbeleuchtung durch. Insgesamt wurden an beiden Abenden 10  Fahrzeugf\u00fchrer aufgrund defekter Beleuchtungseinrichtungen bem\u00e4ngelt. 2  Fahrzeugf\u00fchrer konnten den Mangel sogar direkt vor Ort beheben. <\/p>\n\n\n\n<h4 class=\"wp-block-heading\">(Bad Bergzabern) &#8211; Verkehrskontrollen in Bad Bergzabern<\/h4>\n\n\n\n<p>Am Vormittag des 08.03.2019 wurden Verkehrskontrollen im Bereich der  Kapeller Stra\u00dfe und der Lessingstra\u00dfe durchgef\u00fchrt. Hierbei missachteten  8 Fahrzeugf\u00fchrer die erlaubte Geschwindigkeit und mussten daher vor Ort  ein Verwarngeld entrichten. Weitere 5 Verkehrsteilnehmer hatten den  Sicherheitsgurt nicht angelegt und 3 nutzen verbotswidrig ihr  Mobiltelefon w\u00e4hrend der Fahrt. 5 Fahrzeugf\u00fchrer hatten ihren  F\u00fchrerschein oder Fahrzeugschein nicht mitf\u00fchrten. Auch das nicht  Mitf\u00fchren von Urkunden stellt eine Ordnungswidrigkeit dar und beinhaltet  neben einem Verwarngeld eine Kontrollaufforderung. Mit dieser m\u00fcssen  die vergessenen Dokumente bei der Polizei nachgezeigt werden. <\/p>\n\n\n\n<h4 class=\"wp-block-heading\">(Bad Bergzabern) &#8211; Kotfl\u00fcgel eingedr\u00fcckt und abgehauen<\/h4>\n\n\n\n<p>Bereits am 02.03.2019 zwischen 11:30 Uhr und 11:35 Uhr wurde auf dem  Parkplatz eines Einkaufsmarkt im Klingweg der dort abgestellte, braune  Mercedes, des gesch\u00e4digten am Kotfl\u00fcgel eingedr\u00fcckt. Der Verursacher  k\u00fcmmerte sich nicht um die Schadensregulierung und entfernte sich  unerlaubt von der Unfallstelle. Es entstand ein Schaden in H\u00f6he von ca.  800EUR. Zeugen werden gebeten sich mit der Polizeiinspektion Bad  Bergzabern unter 06343-93340 oder per E-Mail <a href=\"mailto:pibadbergzabern@polizei.rlp.de\">pibadbergzabern@polizei.rlp.de<\/a> in Verbindung zu setzen. <\/p>\n\n\n\n<h4 class=\"wp-block-heading\">(Steinfeld u. Klingenm\u00fcnster) &#8211; PKW aufgebrochen<\/h4>\n\n\n\n<p>Am 09.03.2019 kam es gleich zu zwei PKW Aufbr\u00fcchen im Bereich der  Polizeiinspektion Bad Bergzabern. Zwischen 11:45 Uhr und 13:10 Uhr wurde  die Seitenscheibe an einem Ford, welcher auf dem Parkplatz vor der Burg  Landeck in Klingenm\u00fcnster stand, besch\u00e4digt. Zwischen 12:30 Uhr und  13:10 Uhr wurde ebenfalls die Seitenscheibe an einem PKW, vor dem  Kakteenland in Steinfeld, aufgebrochen. In beiden F\u00e4llen hatten es die  Diebe auf die im Auto befindlichen Handtaschen abgesehen. Wir weisen  nochmals daraufhin keine Wertgegenst\u00e4nde und Taschen oder Rucks\u00e4cke im  Auto zulassen. Zeugen der beiden Vorf\u00e4lle werden gebeten sich bei der  Polizeiinspektion Bad Bergzabern unter 06343-93340 oder per E-Mail <a href=\"mailto:pibadbergzabern@polizei.rlp.de\">pibadbergzabern@polizei.rlp.de<\/a> zu melden. <\/p>\n\n\n\n<h4 class=\"wp-block-heading\">(Klingenm\u00fcnster) &#8211; Sachbesch\u00e4digung an PKW<\/h4>\n\n\n\n<p>Die 26-j\u00e4hrige Gesch\u00e4digte hatte ihren BWM am 07.03.2019, ca. 14:00 Uhr  in Klingenm\u00fcnster in der Bahnhofstra\u00dfe abgestellt. Als sie am Morgen  des 08.03.2019 zu ihrem Fahrzeug kam musste sie mehrere kleinere  Besch\u00e4digungen im Bereich des linken Kotfl\u00fcgels und der hinteren T\u00fcr  feststellen. Durch die Katzspuren entstand ein Schaden in H\u00f6he von ca.  1500EUR. Zeugen werden gebeten sich mit der Polizeiinspektion Bad  Bergzabern unter 06343-93340 oder per E-Mail <a href=\"mailto:pibadbergzabern@polizei.rlp.de\">pibadbergzabern@polizei.rlp.de<\/a> in Verbindung zu setzen. <\/p>\n\n\n\n<h4 class=\"wp-block-heading\">(Landau) &#8211; Demonstrationsgeschehen \/ Polizei beh\u00e4lt Lage im Griff<\/h4>\n\n\n\n<p>Bei dem Demonstrationsgeschehen am 09.03.2019 in Landau nahmen insgesamt ca. 900 Personen teil. <\/p>\n\n\n\n<p>Das &#8222;Frauenb\u00fcndnis Kandel&#8220; z\u00e4hlte etwa 100 Teilnehmern. <\/p>\n\n\n\n<p>An der Gegendemonstration des Veranstalters &#8222;Aufstehen gegen Rassismus S\u00fcdpfalz&#8220;, nahmen in der Spitze ca. 800 Personen teil. <\/p>\n\n\n\n<p>Als\n der Aufzug die Ostbahnstra\u00dfe erreichte kam es zu einem \nPfeffersprayeinsatz gegen einen jungen Mann, der versuchte eine \nPolizeikette zu durchbrechen um zur Versammlung des Frauenb\u00fcndnisses zu \ngelangen. Gegen ihn wird eine Strafanzeige wegen Widerstand eingeleitet.\n <\/p>\n\n\n\n<p>In der Martin-Luther-Stra\u00dfe wurde die Aufzugsstrecke des Frauenb\u00fcndnisses durch eine Gruppe von rund 25 Personen blockiert. <\/p>\n\n\n\n<p>Die\n Beteiligten konnten letztlich ohne Gegenwehr in eine Seitenstra\u00dfe \nbewegt werden. Nachdem die Identit\u00e4t aller Personen festgestellt war, \nwurden sie aus der polizeilichen Ma\u00dfnahme entlassen. Eine Anzeige wegen \nVersto\u00df gegen das Versammlungsgesetz folgt. <\/p>\n\n\n\n<p>Um 18:00 Uhr wurde die Versammlung des Frauenb\u00fcndnisses beendet. <\/p>\n\n\n\n<p>Teile  der Gegenveranstaltung hielten sich noch bis 19:00 Uhr im Bereich der  Ostbahnstra\u00dfe auf. Die Personen wurden von Einsatzkr\u00e4ften zum Bahnhof  begleitet. Bei der Durchsuchung eines Teilnehmers wurde ein  Einhandmesser aufgefunden und sichergestellt. Eine Strafanzeige wegen  Versto\u00df gegen das Waffengesetz wird eingeleitet. <\/p>\n\n\n\n<h4 class=\"wp-block-heading\">(Landau) &#8211; Kraftfahrzeugdiebstahl<\/h4>\n\n\n\n<p>Unbekannte T\u00e4ter entwendeten zw. 08.03.19 16:30 bis 09.03.19 11:30 einen gelben Radlader mit Gabeln einer  Baufirma, welcher auf dem Grundst\u00fcck der anderen Firma \u00fcber Nacht  abgestellt war. Die Baustelle war nicht mit einem Zaun umschlossen und  somit frei zug\u00e4nglich. Schaden ca. 10.000 Euro. Hinweise nimmt die Polizei in Landau unter Tel.: 06341-2870 oder <a href=\"mailto:pilandau@polizei.rlp.de\">pilandau@polizei.rlp.de<\/a> entgegen. <\/p>\n\n\n\n<h4 class=\"wp-block-heading\">(Edenkoben) &#8211; Trunkenheitsfahrt unter Bet\u00e4ubungsmitteln und Alkohol.<\/h4>\n\n\n\n<p>Im Rahmen einer Verkehrskontrolle in der Nacht zu Sonntag wurde bei einem 53 Jahre alten Fahrer aus dem Kreis  S\u00dcW eine Alkohol- und Drogenbeeinflussung festgestellt. Zudem wurde eine geringe Menge an Bet\u00e4ubungsmitteln im PKW aufgefunden. Dem Fahrer wurde  eine Blutprobe entnommen. Ihn erwartet nun mindestens eine Geldbu\u00dfe von  500,- Euro und 1 Monat Fahrverbot. <\/p>\n\n\n\n<h4 class=\"wp-block-heading\">(Edenkoben \/ A 65) &#8211; Planen auf BAB 65<\/h4>\n\n\n\n<p>Es wurden mehrere Planen (vermutlich Spargelplanen) auf der BAB 65 in  beiden Fahrtrichtung auf der Fahrbahn liegend gemeldet. Die Streife  konnte diese entfernen. Nach bisherigem Kenntnisstand wurde durch die  Planen niemand gef\u00e4hrdet. <\/p>\n\n\n\n<h4 class=\"wp-block-heading\">(Neustadt) &#8211; Tuning-Kontrollen \/ Beeindruckendes oder eher bedenkliches Ergebnis?!<\/h4>\n\n\n\n<figure class=\"wp-block-image\"><a href=\"https:\/\/cache.pressmailing.net\/content\/a7820ea3-b22f-4939-a9e3-c42fce208276\/Panamera1.jpg?attachment=false.jpg\"><img decoding=\"async\" src=\"https:\/\/cache.pressmailing.net\/thumbnail\/story_big\/a7820ea3-b22f-4939-a9e3-c42fce208276\/pol-pdnw-tuning-kontrollen-beeindruckendes-oder-eher-bedenkliches-ergebnis\" alt=\"POL-PDNW: Tuning-Kontrollen - Beeindruckendes oder eher bedenkliches Ergebnis?!\"\/><\/a><\/figure>\n\n\n\n<p>Polizistinnen und Polizisten aus dem Bereich der Polizeidirektion  Neustadt, der Zentralen Verkehrsdienste und der Polizeiautobahnstationen  Ruchheim und Kaiserslautern f\u00fchrten in Neustadt am Abend des 09.03.19  Verkehrskontrollen vorwiegend mit dem Ziel durch, illegale Ver\u00e4nderungen  an Fahrzeugen zu erkennen und zu unterbinden. Insgesamt wurden etwa 100  Fahrzeuge und 150 Personen kontrolliert. Bei  29 Fahrzeugen, also fast  jedem dritten \u00fcberpr\u00fcften, war die Betriebserlaubnis erloschen, 18  hiervon durften ihre Fahrt nicht weiter fortsetzen.  Ein 46-j\u00e4hriger  VW-Fahrer stand unter Bet\u00e4ubungsmitteleinfluss und hatte keinen  F\u00fchrerschein. 32 Personen erhielten einen M\u00e4ngelbericht, weil sie  entweder die erforderlichen Dokumente nicht mitf\u00fchrten oder M\u00e4ngel an  ihrem Auto festzustellen waren. Trauriger H\u00f6hepunkt war ein 39-j\u00e4hriger  Porsche-Fahrer, dessen Gef\u00e4hrt zun\u00e4chst auffiel, weil die  Betriebserlaubnis erloschen war. Er hatte nicht erlaubte Leuchten und  Reifen montiert. Wutentbrannt verlie\u00df der Fahrer zun\u00e4chst die  Kontroll\u00f6rtlichkeit um kurz darauf mit dem BMW seines Bekannten wieder  zu erscheinen. Als auch bei diesem Fahrzeug  die Weiterfahrt wegen  illegaler Umbauten untersagt werden musste gab der 39-J\u00e4hrige pl\u00f6tzlich  Gas, lie\u00df die Reifen quietschen und gef\u00e4hrdete einen vor dem Fahrzeug  stehenden Polizeibeamten. Die neben dem Auto stehende 11-j\u00e4hrige Tochter  des uneinsichtigen Fahrers musste von einem weiteren Polizisten nach  hinten gezogen werden, um Schlimmeres zu verhindern. Seinen F\u00fchrerschein  war der 39-j\u00e4hrige damit zun\u00e4chst einmal los. Ein Richter wird \u00fcber die  endg\u00fcltige Entziehung der Fahrerlaubnis entscheiden. <\/p>\n\n\n\n<h4 class=\"wp-block-heading\">(Wachenheim an der Weinstra\u00dfe) &#8211; Verkehrsunfall mit Personen- und Sachschaden auf der B 271 H\u00f6he Villa Rustica<\/h4>\n\n\n\n<p>Am Samstag, 09.03.2019, ereignete sich gegen 17.05 Uhr ein  Verkehrsunfall auf der B 271 in H\u00f6he des Parkplatzes Villa Rustica bei  Wachenheim an der Weinstra\u00dfe. <\/p>\n\n\n\n<p>Ein 64j\u00e4hriger Pkw-Fahrer aus \nRosbach (Hessen)fuhr mit seinem mit weiteren vier Personen besetzten \nFord Galaxy aus dem Parkplatz Villa Rustica auf die Kraftfahrstra\u00dfe B \n271 in Fahrtrichtung Neustadt an der Weinstra\u00dfe. Weil er aber in \nRichtung Bad D\u00fcrkheim weiterfahren wollte, wendete er laut \nZeugenaussagen auf der Kraftfahrstra\u00dfe. Dabei \u00fcbersah er jedoch den \nVW-Bus (T 4) eines 82j\u00e4hrigen Mannes aus Ludwigshafen am Rhein, der in \nRichtung Neustadt an der Weinstra\u00dfe fuhr, sodass es in der Fahrbahnmitte\n in H\u00f6he der Ausfahrt zum Zusammensto\u00df der beiden Fahrzeuge kam. <\/p>\n\n\n\n<p>Dabei\n wurde der VW-Bus-Fahrer leicht verletzt und musste ins Krankenhaus nach\n Neustadt an der Weinstra\u00dfe gebracht werden. Der Galaxy-Fahrer wurde \nnicht verletzt, jedoch seine Beifahrerin. Die anderen Insassen seines \nFahrzeuges blieben unverletzt. <\/p>\n\n\n\n<p>Der VW-Bus war im Frontbereich \nstark eingedr\u00fcckt, die Schadensh\u00f6he  betr\u00e4gt ca. 5000 Euro. Beim Ford \nwar die komplette linke Seite  eingedr\u00fcckt, ein Schaden in H\u00f6he von ca. \n7500 Euro. Sowohl der VW-Bus als auch der Ford Galaxy waren jeweils so \nstark besch\u00e4digt, dass sie nicht mehr fahrbereit waren. Beide Fahrzeuge \nmussten abgeschleppt werden. <\/p>\n\n\n\n<p>Da aus den besch\u00e4digten Fahrzeugen \nBetriebsstoffe ausgelaufen waren, wurde die Feuerwehr Wachenheim und \nFriedelsheim verst\u00e4ndigt, die mit 23 Mann und vier Fahrzeugen im Einsatz\n war. <\/p>\n\n\n\n<p>Des Weiteren wurde eine Spezialfirma mit der Reinigung der Stra\u00dfe beauftragt. <\/p>\n\n\n\n<p>W\u00e4hrend der Unfallaufnahme, der Bergung der Fahrzeuge und der Reinigung der Stra\u00dfe war die B 271 bis 19:50 Uhr gesperrt. <\/p>\n\n\n\n<h4 class=\"wp-block-heading\">(Bad D\u00fcrkheim) &#8211; Au\u00dfenspiegel abgefahren<\/h4>\n\n\n\n<p>In Bad D\u00fcrkheim, in der Leininger Stra\u00dfe in H\u00f6he der Hausnummer 7,  wurde in der Zeit von Freitag, 08.03.2019, 14:00 Uhr, bis Samstag,  09.03.2019, 10:30 Uhr, durch einen bislang unbekannten Fahrzeugf\u00fchrer  der rechte Au\u00dfenspiegel eines geparkten Peugeot 308 besch\u00e4digt. Hierbei  entstand Sachschaden in H\u00f6he von ca. 500,- Euro. Anschlie\u00dfend fl\u00fcchtete  der Unbekannte von der Unfallstelle. Zeugen werden gebeten, sich bei der  Polizei in Bad D\u00fcrkheim unter 06322 9630 oder per E-Mail an <a href=\"mailto:pibadduerkheim@polizei.rlp.de\">pibadduerkheim@polizei.rlp.de<\/a> zu melden. <\/p>\n\n\n\n<h4 class=\"wp-block-heading\">(Bad D\u00fcrkheim) &#8211; Au\u00dfenspiegel besch\u00e4digt<\/h4>\n\n\n\n<p>Ebenfalls in Bad D\u00fcrkheim, in der Dresdener Stra\u00dfe in H\u00f6he der  Hausnummer 26, wurde der linke Au\u00dfenspiegel eines Ford Fiesta durch  unbekannte T\u00e4ter mutwillig zerst\u00f6rt. Hierbei entstand Sachschaden in  H\u00f6he von ca. 100,- Euro. Die Tat ereignete sich im Zeitraum Freitag,  08.03.2019, 12:40 Uhr, bis Samstag, 09.03.2019, 10:40 Uhr. Zeugen werden  gebeten, sich bei der Polizei in Bad D\u00fcrkheim unter 06322 9630 oder per  E-Mail an <a href=\"mailto:pibadduerkheim@polizei.rlp.de\">pibadduerkheim@polizei.rlp.de<\/a> zu melden. <\/p>\n\n\n\n<h4 class=\"wp-block-heading\">(Bad D\u00fcrkheim) &#8211; Wohnungseinbruch \/ Glast\u00fcr mittels eines Steins eingeschlagen<\/h4>\n\n\n\n<p>Am Abend des 08.03.2019, in der Zeit zwischen 20:30 bis 22:30 Uhr,  schlugen bis dato unbekannte T\u00e4ter die Glast\u00fcr des Wintergartens eines  Einfamilienhauses im Bad D\u00fcrkheimer Ortsteil Ungstein ein. Im Anschluss  verschafften sich die Unbekannten zun\u00e4chst Zugang zu dem Wintergarten,  wurden danach m\u00f6glicherweise gest\u00f6rt, weshalb sie nicht weiter ins  Hausinnere vorgedrungen sind. Dem ersten Anschein nach wurde nichts  entwendet. Der entstandene Sachschaden wird auf 2000 Euro gesch\u00e4tzt. <\/p>\n\n\n\n<h4 class=\"wp-block-heading\">(Maxdorf) &#8211; Pkw-Diebstahl mit T\u00e4terfestnahme in Brandenburg<\/h4>\n\n\n\n<p>In der Nacht vom 07.03.2019 auf den 08.03.2019 entwenden Unbekannte  einen hochwertigen Pkw der Marke BMW von einem Grundst\u00fcck in der  Johannes-Hahn-Stra\u00dfe. Sofort eingeleitete bundesweite Fahndungsma\u00dfnahmen  f\u00fchren in k\u00fcrzester Zeit zur Festnahme des T\u00e4ters, auf der BAB15 in  Fahrtrichtung Polen, durch die Kollegen der Autobahnpolizei Brandenburg.  Bei dem Festgenommenen handelt es sich um einen 22j\u00e4hrigen polnischen  Staatsangeh\u00f6rigen. Der Wert des entwendeten Pkw wird auf ca. 20000EUR  gesch\u00e4tzt. Gegen den Mann wird ein Strafverfahren wegen des Verdachts  des bandenm\u00e4\u00dfigen Diebstahls eingeleitet. <\/p>\n\n\n\n<p>Hinweise bitte an die Polizeiwache Maxdorf unter 06237\/934-100 bzw. die Polizeiinspektion Frankenthal unter 06233\/313-0. <\/p>\n\n\n\n<h4 class=\"wp-block-heading\">(Frankenthal) &#8211; Verkehrsunfall unter Alkohol- und Medikamenteneinfluss<\/h4>\n\n\n\n<p>In der Freitagnacht gegen 23:20 Uhr kommt es in der D\u00fcrkheimer Stra\u00dfe  in Frankenthal zu einem Verkehrsunfall. Ein 32-j\u00e4hriger Frankenthaler  f\u00e4hrt mit seinem Pkw gegen einen geparkten Pkw. Der Unfallverursacher  hat nach eigenen Angaben Alkohol und auch Medikamente zu sich genommen.  Zur Feststellung der Fahrt\u00fcchtigkeit wird dem Mann eine Blutprobe  entnommen. Einen freiwilligen Alkoholtest lehnte der 32-j\u00e4hrige  Unfallverursacher ab. <\/p>\n\n\n\n<p>Durch den Verkehrsunfall entsteht ein Gesamtschaden in H\u00f6he von ca. EUR19.500,-. <\/p>\n\n\n\n<p>Der  Einfluss von Alkohol oder anderen berauschenden Mitteln stellt eine  Hauptunfallursache dar. Wer berauscht f\u00e4hrt, gef\u00e4hrdet nicht nur sich,  sondern auch Andere. Gegen den unter Alkohol- und Medikamenteneinfluss  stehenden Unfallverursacher wurde ein Ermittlungsverfahren wegen des  Verdachtes der Stra\u00dfenverkehrsgef\u00e4hrdung eingeleitet. Gegen ihn kann  eine Freiheitsstrafe bis zu f\u00fcnf Jahren oder eine Geldstrafe verh\u00e4ngt  werden. Au\u00dferdem droht der F\u00fchrerscheinentzug. <\/p>\n\n\n\n<h4 class=\"wp-block-heading\">(Frankenthal) &#8211; Verkehrsunfall mit leicht verletzten Personen<\/h4>\n\n\n\n<p>Am Freitagabend gegen 20:20 Uhr kommt es an der Kreuzung  Leuschnerstra\u00dfe\/Virchowstra\u00dfe in Frankenthal zu einem Verkehrsunfall.  Ein 39-j\u00e4hriger Pkw-Fahrer missachtet die Vorfahrt eines 18-j\u00e4hrigen  Pkw-Fahrers. Durch den Unfall werden der 18-j\u00e4hrige Fahrer, sowie ein  12-j\u00e4hriger Insasse leicht verletzt. Da der Verdacht besteht, dass der  18-j\u00e4hrige Fahrer mit \u00fcberh\u00f6hter Geschwindigkeit gefahren ist, wird  gegen beide Unfallbeteiligte wegen fahrl\u00e4ssiger K\u00f6rperverletzung  ermittelt. <\/p>\n\n\n\n<h4 class=\"wp-block-heading\">(Frankenthal) &#8211; Verkehrsunfall mit leicht verletzter Person<\/h4>\n\n\n\n<p>Am Freitagnachmittag, gegen 15:30 Uhr kommt es in der Mahlastra\u00dfe in  Frankenthal zu einem Verkehrsunfall. Ein 38-J\u00e4hriger f\u00e4hrt mit seinem  Pkw an der Ampel zum Albrecht-D\u00fcrer-Ring auf den vor im haltenden Pkw  auf. Der Fahrer des haltenden Pkw wird durch den Unfall leicht verletzt.  Gegen den 38-j\u00e4hrigen Unfallverursacher wird nun wegen fahrl\u00e4ssiger  K\u00f6rperverletzung ermittelt. <\/p>\n\n\n\n<h4 class=\"wp-block-heading\">(Frankenthal) &#8211; Verkehrsunfall mit Flucht<\/h4>\n\n\n\n<p>Am Donnerstagabend zwischen 21:00 bis 22:30 Uhr kommt es in der Stra\u00dfe  Am Nu\u00dfbaum in Frankenthal zu einem Verkehrsunfall mit anschlie\u00dfender  Fahrerflucht. Ein bislang unbekannter Verursacher f\u00e4hrt ein  Stra\u00dfenschild um und entfernt sich anschlie\u00dfend unerlaubt von der  Unfallstelle. Ein Zeuge der den Unfall h\u00f6ren konnte, meldet den Unfall  bei der Polizei. Der Sachschaden an dem Verkehrsschild wird auf ca.  EUR300,- gesch\u00e4tzt. <\/p>\n\n\n\n<p>Zeugen werden gebeten sich an die  Polizeiinspektion Frankenthal unter der Tel.-Nr.: 06233\/313-0 oder an  die Polizeiwache Maxdorf unter der Tel.-Nr.: 06237\/934-100 zu wenden.  Gerne nehmen wir Ihre Hinweise auch per E-Mail unter  <a href=\"mailto:pifrankenthal@polizei.rlp.de\">pifrankenthal@polizei.rlp.de<\/a> entgegen. <\/p>\n\n\n\n<h4 class=\"wp-block-heading\">(Ludwigshafen) &#8211; Sachbesch\u00e4digung am mehreren PKW<\/h4>\n\n\n\n<p>Im Zeitraum vom 08.03.2019, 20:45 Uhr bis 22:30 Uhr wurden auf dem  Parkplatz in der Berliner Stra\u00dfe in Ludwigshafen, unterhalb der  Hochstra\u00dfe S\u00fcd, an 8 PKW insgesamt 12 Reifen zerstochen. Der Schaden  bel\u00e4uft sich auf ca. 1.200,- Euro. Es  gibt noch keine T\u00e4terhinweise.  Die Polizeiinspektion Ludwigshafen 1 hat die Ermittlungen \u00fcbernommen und  bittet Zeugen, die Hinweise zur Tat geben k\u00f6nnen, sich unter Tel:  0621\/963-2122 zu melden. <\/p>\n\n\n\n<h4 class=\"wp-block-heading\">(Mannheim-Oststadt) &#8211; Tanzveranstaltung &#8222;I AM HARDSTYLE- GERMANY&#8220;<\/h4>\n\n\n\n<figure class=\"wp-block-image\"><img decoding=\"async\" loading=\"lazy\" width=\"640\" height=\"480\" src=\"https:\/\/speyer24news.com\/wp-content\/uploads\/2019\/03\/Dope-Beispielbild.jpg\" alt=\"\" class=\"wp-image-9889\" srcset=\"https:\/\/speyer24news.com\/wp-content\/uploads\/2019\/03\/Dope-Beispielbild.jpg 640w, https:\/\/speyer24news.com\/wp-content\/uploads\/2019\/03\/Dope-Beispielbild-300x225.jpg 300w, https:\/\/speyer24news.com\/wp-content\/uploads\/2019\/03\/Dope-Beispielbild-326x245.jpg 326w, https:\/\/speyer24news.com\/wp-content\/uploads\/2019\/03\/Dope-Beispielbild-80x60.jpg 80w\" sizes=\"(max-width: 640px) 100vw, 640px\" \/><figcaption>Beispielbild einer Drogenbeschlagnahme in Mannheim am 27.04.17<\/figcaption><\/figure>\n\n\n\n<p>Zum dritten Mal fand in der Nacht von Samstag auf Sonntag die  elektronische Musik &#8211; und Tanzveranstaltung &#8222;I AM HARDSTYLE &#8211; GERMANY&#8220;,  auf dem Maimarktgel\u00e4nde in Mannheim statt. Die Veranstaltung wurde von  circa 9000 Teilnehmern besucht. Durch die eingesetzten Beamten wurde ein  besonderes Augenmerk auf Verst\u00f6\u00dfe gegen das Bet\u00e4ubungsmittelgesetzt  gelegt. Gegen 73 Personen wurde ein Strafverfahren wegen dem Besitz von  Bet\u00e4ubungsmittel eingeleitet. Zudem wurden circa 3300 Euro zur Sicherung  des Strafverfahrens  von Personen mit festem Wohnsitz in Frankreich  einbehalten. Verst\u00f6\u00dfe im Zusammenhang mit dem F\u00fchren von Kraftfahrzeugen  konnten nicht festgestellt werden. Seitens des Rettungsdienstes mussten  33 medizinische Hilfeleistungen durchgef\u00fchrt werden. Vier davon f\u00fchrten  zu einer station\u00e4ren Aufnahme. Zu Beschwerden bez\u00fcglich Ruhest\u00f6rungen  kam es nicht. <\/p>\n\n\n\n<h4 class=\"wp-block-heading\">(Mannheim-Neckarstadt) &#8211; Unfall verursacht und abgehauen, Zeugen gesucht!<\/h4>\n\n\n\n<p>In der Nacht von Freitag auf Samstag befuhr ein bislang unbekannter  Fahrer eines ebenfalls noch unbekannten Fahrzeugs die Max-Joseph-Stra\u00dfe,  von der Maybachstra\u00dfe kommend. <\/p>\n\n\n\n<p>Vermutlich aufgrund nicht \nangepasster Geschwindigkeit verlor der unbekannte Fahrzeugf\u00fchrer die \nKontrolle \u00fcber sein Fahrzeug und bog vor dem Herzogenriedbad rechts in \ndie erste Parkreihe ein, geriet ihn dortigen Gr\u00fcnstreifen, \u00fcberfuhr \neinen Leitposten und ein Abfalleimer und rammte einen ordnungsgem\u00e4\u00df \ngeparkten VW. Der VW wurde aufgrund der Wucht des Aufpralls gegen einen \nneben ihm stehenden Ford geschoben. <\/p>\n\n\n\n<p>Es entstand Sachschaden in H\u00f6he von mehreren tausend Euro. <\/p>\n\n\n\n<p>Danach entfernte sich der Unfallverursacher unerlaubt von der Tat\u00f6rtlichkeit. <\/p>\n\n\n\n<p>Zeugen  des Unfalls oder Personen, die Hinweise auf den Verursacher geben  k\u00f6nnen, werden gebeten sich beim Polizeirevier Mannheim-Neckarstadt  unter 0621 33010 zu melden. <\/p>\n\n\n\n<h4 class=\"wp-block-heading\">(Mannheim-Jungbusch) &#8211; Einbruch in Gastst\u00e4tte, Zeugen gesucht!<\/h4>\n\n\n\n<p>In ein Caf\u00e9 in der Werftstra\u00dfe wurde vermutlich in der Nacht zum Freitag eingebrochen. <\/p>\n\n\n\n<p>Der\n gesch\u00e4digte Gastst\u00e4ttenbetreiber stellte ein offen stehendes Fenster \nfest und rief die Polizei. Unbekannte hatten das Fenster aufgehebelt und\n sich so Zugang zu den Gastr\u00e4umen verschafft. Dort wurden insgesamt drei\n Spielautomaten ge\u00f6ffnet und das darin befindliche Bargeld entwendet. \nAu\u00dferdem wurden zwei \u00dcberwachungskameras gestohlen. Zur H\u00f6he des \nentstandenen Schadens liegen zum Berichtszeitpunkt keine Informationen \nvor. <\/p>\n\n\n\n<p>Das wegen Einbruchsdiebstahls ermittelnde Polizeirevier  Mannheim-Innenstadt bittet eventuelle Zeugen um telefonische Meldung  unter 0621\/1258-0. <\/p>\n\n\n\n<h4 class=\"wp-block-heading\">(Heidelberg-Kirchheim) &#8211; Duo bricht Fahrzeug auf und wird gest\u00f6rt! Zeugen gesucht!<\/h4>\n\n\n\n<p>Am Freitag gegen 22.30 Uhr brachen zwei bislang unbekannte T\u00e4ter den  Pkw eines 59-J\u00e4hrigen auf, der im Kirchheimer Weg 65 abgestellt war. <\/p>\n\n\n\n<p>Der\n 59-J\u00e4hrige wurde auf das Duo und den Aufbruch aufmerksam und sprach die\n T\u00e4ter an. Beide fl\u00fcchteten daraufhin zu Fu\u00df von der Tat\u00f6rtlichkeit, \neinen T\u00e4ter konnte der Gesch\u00e4digte noch kurz festhalten, aber auch ihm \ngelang die Flucht. <\/p>\n\n\n\n<p>Die T\u00e4ter hatten die Heckt\u00fcr brachial aufgehebelt und Gegenst\u00e4nde aus dem Auto neben diesem deponiert. <\/p>\n\n\n\n<p>Es entstand Sachschaden in H\u00f6he von mehreren hundert Euro. <\/p>\n\n\n\n<ul><li>Beide T\u00e4ter sollen s\u00fcdosteurop\u00e4isches Aussehen gehabt haben. <\/li><li>Der zun\u00e4chst festgehaltene T\u00e4ter wurde wie folgt beschrieben: <\/li><li>ca. 30-40 Jahre, 170 cm, kurze dunkle Haare, helle Jacke, dunkle Hose <\/li><li>Der andere T\u00e4ter trug eine gr\u00fcne Jacke mit Camouflage-Muster und Fellkragen, er trug eine schwarze M\u00fctze. <\/li><\/ul>\n\n\n\n<p>Zeugen  oder Personen, die verd\u00e4chtige Personen oder Fahrzeuge festgestellt  haben, werden gebeten sich mit dem Polizeirevier Heidelberg-S\u00fcd unter  06221 34180 in Verbindung zu setzen und ihre Wahrnehmungen mitzuteilen. <\/p>\n\n\n\n<h4 class=\"wp-block-heading\">(Heidelberg-Kirchheim) &#8211; Gegen geparktes Auto gefahren und dann abgehauen, Zeugenaufruf!<\/h4>\n\n\n\n<p>Zeugen f\u00fcr eine Unfallflucht suchen die Beamten des Polizeireviers Heidelberg-S\u00fcd. <\/p>\n\n\n\n<p>Am Freitag in der Zeit zwischen 18:00 Uhr und 19:30 Uhr stie\u00df ein bislang Unbekannter  mit seinem Fahrzeug im Harbigweg gegen einen geparkten Opel Corsa mit  HD-Kennzeichen. Der Unfall ereignete sich wahrscheinlich bei einem Ein-  bzw. Ausparkman\u00f6ver. Die Gesch\u00e4digte hat nun einen Schaden von 3.500  Euro zu regulieren. <\/p>\n\n\n\n<p>Zeugen des Unfalls werden gebeten, die Polizei unter 06221\/3418-0 anzurufen und ihre Wahrnehmungen mitzuteilen. <\/p>\n\n\n\n<h4 class=\"wp-block-heading\">(Walldorf \/ Rhein-Neckar-Kreis) &#8211; Jagdp\u00e4chter findet aufgeflexten Tresor \/ Eigent\u00fcmer bzw. Zeugen gesucht<\/h4>\n\n\n\n<figure class=\"wp-block-image\"><a href=\"https:\/\/cache.pressmailing.net\/content\/81504262-2cb9-4e76-94da-17011f4430ec\/Walldorf_Tresorfund_09032018.jpg?attachment=false.jpg\"><img decoding=\"async\" src=\"https:\/\/cache.pressmailing.net\/thumbnail\/story_big\/81504262-2cb9-4e76-94da-17011f4430ec\/pol-ma-walldorf-rhein-neckar-kreis-jagdpaechter-findet-aufgeflexten-tresor-eigentuemer-bzw-zeugen-ge\" alt=\"\"\/><\/a><\/figure>\n\n\n\n<p>Ein Jagdp\u00e4chter hat am Freitagmorgen im Waldgebiet Schwetzinger Hardt,  s\u00fcdlich der L 598 zwischen der Gemarkungsgrenze Sandhausen\/Walldorf  einen Tresor aufgefunden. Der graue Tresor hat eine Gr\u00f6\u00dfe von 39 x 49 cm  und war im oberen Bereich aufgeflext. Die Auffindesituation und der  starke Rostansatz lassen darauf schlie\u00dfen, dass der Tresor schon l\u00e4nger  im Wald liegt. Zeugen, die verd\u00e4chtige Beobachtungen gemacht haben bzw.  der Eigent\u00fcmer des Tresors werden gebeten, sich unter Telefon  06222\/57090 beim Polizeirevier Wiesloch zu melden. <\/p>\n\n\n\n<h4 class=\"wp-block-heading\">(Sch\u00f6nbrunn \/ Rhein-Neckar-Kreis) &#8211; 16-j\u00e4hriger Zweiradfahrer gest\u00fcrzt und schwer verletzt<\/h4>\n\n\n\n<p>Am Freitagabend gegen 21.50 Uhr kam ein 16-j\u00e4hriger Fahrer eines  Leichtkraftrades auf der L 595 zwischen Sch\u00f6nbrunn und Allem\u00fchl von der  Stra\u00dfe ab und st\u00fcrzte eine B\u00f6schung hinunter. Eine vorbeikommende  Autofahrerin verst\u00e4ndigte \u00fcber Notruf die Rettungskr\u00e4fte und k\u00fcmmerte  sich bis zu deren Eintreffen um den Verletzten. Nach der Erstversorgung  durch einen Notarzt wurde der 16-J\u00e4hrige mit einem Rettungswagen in eine  Heidelberger Klinik eingeliefert und station\u00e4r aufgenommen. Die  Angeh\u00f6rigen wurden \u00fcber den Unfall in Kenntnis gesetzt. <\/p>\n\n\n\n<h4 class=\"wp-block-heading\">(Heddesheim \/ Rhein-Neckar-Kreis) &#8211; Trickdiebstahl<\/h4>\n\n\n\n<p>Das Opfer eines Trickdiebs wurde in Heddesheim ein 74-j\u00e4hriger Mann. <\/p>\n\n\n\n<p>Der\n Gesch\u00e4digte hob am Freitagvormittag, gegen 10:30 Uhr Geld bei einer \nBank ab und ging anschlie\u00dfend mit seiner Frau zum Einkauf in einen nahe \ngelegenen Supermarkt. Als er gegen 11:20 Uhr auf dem Parkplatz des \nLebensmittelmarkts bei seinem Auto wartete, wurde er von einem bislang \nUnbekannten angesprochen und um Wechselgeld gebeten. Nachdem der Mann \nseinen Geldbeutel gez\u00fcckt und ge\u00f6ffnet hatte, griff der Unbekannte in \ndas Scheinfach und entwendete das zuvor an der Bank abgehobene Geld. <\/p>\n\n\n\n<p>Eine T\u00e4terbeschreibung liegt derzeit nicht vor. Der Polizeiposten in Heddesheim ermittelt wegen Trickdiebstahls. <\/p>\n","protected":false},"excerpt":{"rendered":"<div class=\"mh-excerpt\"><p>Polizeimeldungen vom Freitag 09.03.2019 (Germersheim) &#8211; Unfallflucht Von Donnerstag, den 7.3.2019, auf Freitag, den 8.3.2019, besch\u00e4digte ein bislang unbekannter Verkehrsteilnehmer in der Friedrich-Ebert-Stra\u00dfe in Germersheim ein am Fahrbahnrand stehendes Fahrzeug. Ohne sich um die Schadensregulierung <a class=\"mh-excerpt-more\" href=\"https:\/\/speyer24news.com\/?p=9888\" title=\"Polizeimeldungen\">[&#8230;]<\/a><\/p>\n<\/div>","protected":false},"author":3,"featured_media":0,"comment_status":"open","ping_status":"open","sticky":false,"template":"","format":"standard","meta":{"_monsterinsights_skip_tracking":false,"_monsterinsights_sitenote_active":false,"_monsterinsights_sitenote_note":"","_monsterinsights_sitenote_category":0,"footnotes":""},"categories":[12],"tags":[212,210,211,58,105,102,213],"aioseo_notices":[],"amp_enabled":true,"_links":{"self":[{"href":"https:\/\/speyer24news.com\/index.php?rest_route=\/wp\/v2\/posts\/9888"}],"collection":[{"href":"https:\/\/speyer24news.com\/index.php?rest_route=\/wp\/v2\/posts"}],"about":[{"href":"https:\/\/speyer24news.com\/index.php?rest_route=\/wp\/v2\/types\/post"}],"author":[{"embeddable":true,"href":"https:\/\/speyer24news.com\/index.php?rest_route=\/wp\/v2\/users\/3"}],"replies":[{"embeddable":true,"href":"https:\/\/speyer24news.com\/index.php?rest_route=%2Fwp%2Fv2%2Fcomments&post=9888"}],"version-history":[{"count":1,"href":"https:\/\/speyer24news.com\/index.php?rest_route=\/wp\/v2\/posts\/9888\/revisions"}],"predecessor-version":[{"id":9890,"href":"https:\/\/speyer24news.com\/index.php?rest_route=\/wp\/v2\/posts\/9888\/revisions\/9890"}],"wp:attachment":[{"href":"https:\/\/speyer24news.com\/index.php?rest_route=%2Fwp%2Fv2%2Fmedia&parent=9888"}],"wp:term":[{"taxonomy":"category","embeddable":true,"href":"https:\/\/speyer24news.com\/index.php?rest_route=%2Fwp%2Fv2%2Fcategories&post=9888"},{"taxonomy":"post_tag","embeddable":true,"href":"https:\/\/speyer24news.com\/index.php?rest_route=%2Fwp%2Fv2%2Ftags&post=9888"}],"curies":[{"name":"wp","href":"https:\/\/api.w.org\/{rel}","templated":true}]}}