{"id":9999,"date":"2019-03-10T17:54:14","date_gmt":"2019-03-10T16:54:14","guid":{"rendered":"https:\/\/speyer24news.com\/?p=9999"},"modified":"2019-03-10T17:54:16","modified_gmt":"2019-03-10T16:54:16","slug":"polizeimeldungen-9","status":"publish","type":"post","link":"https:\/\/speyer24news.com\/?p=9999","title":{"rendered":"Polizeimeldungen"},"content":{"rendered":"<style type=\"text\/css\">\r\n\t.ads_top_disp{}\r\n\t.ads_top_corner_disp{ float:left; margin:0px 10px 10px 0px; }\r\n\t.ads_first_p_disp{}\r\n\t.ads_bottom_disp{}\r\n\t<\/style>\n<figure class=\"wp-block-image\"><img decoding=\"async\" src=\"https:\/\/speyer24news.com\/wp-content\/uploads\/2019\/02\/Polizeilogo-Neu.jpg\" alt=\"\" class=\"wp-image-5375\"\/><\/figure>\n\n\n\n<h3 class=\"wp-block-heading\">Polizeimeldungen vom Sonntag (10.3.2019)<\/h3>\n\n\n\n<figure class=\"wp-block-image is-resized\"><img decoding=\"async\" loading=\"lazy\" src=\"https:\/\/speyer24news.com\/wp-content\/uploads\/2019\/03\/Aktuelles-Polizeilogo-1.jpg\" alt=\"\" class=\"wp-image-9537\" width=\"581\" height=\"775\"\/><\/figure>\n\n\n\n<h4 class=\"wp-block-heading\">(Speyer \/ RheinlandPfalz \/ BadenW\u00fcrttemberg) &#8211; Aktuelle Unwetterlage 10.03.2019<\/h4>\n\n\n\n<p>Aufgrund der momentanen Unwetterlage kommt es im Stadtgebiet Speyer zu vermehrt umst\u00fcrzenden B\u00e4umen und herunterfallenden Ziegeln. \u00dcber Katwarn wurde soeben eine Warnmeldung ausgegeben.<\/p>\n\n\n\n<p>Die Feuerwehr ist mit starken Kr\u00e4ften im Einsatz.<\/p>\n\n\n\n<h4 class=\"wp-block-heading\">(B\u00f6hl-Iggelheim) &#8211; Radfahrerin verursacht Unfall und f\u00e4hrt weiter<\/h4>\n\n\n\n<p>Am 09.03.19, gg. 18.00 Uhr befuhr eine 35-j\u00e4hrige Autofahrerin aus  B\u00f6hl-Iggelheim die Schulstra\u00dfe und bog nach rechts in die Bismarckstra\u00dfe  ab. Aufgrund eines im Einm\u00fcndungsbereich geparkten Pkw konnte sie erst  sp\u00e4t eine Radfahrerin erkennen, welche die Bismarckstra\u00dfe in Richtung  Hauptstra\u00dfe befuhr.  Da die Radfahrerin zu weit in der Stra\u00dfenmitte  fuhr, musste die Autofahrerin nach rechts ausweichen, um einen  Zusammensto\u00df zu verhindern. Hierbei streifte sie den im  Einm\u00fcndungsbereich geparkten Pkw. Die Radfahrerin fuhr unvermindert  weiter und entfernte sich von der Unfallstelle.  An den beiden Pkw  entstand ein Schaden von ca. 2500.- EUR. <\/p>\n\n\n\n<h4 class=\"wp-block-heading\">(Limburgerhof) &#8211; Unfallverursacher fl\u00fcchtet<\/h4>\n\n\n\n<p>In der Zeit vom 08.03.19, 18.25 Uhr bis zum 09.03.19, 11.00 Uhr wurde  ein in der Austra\u00dfe am Fahrbahnrand abgestellter Pkw durch einen bislang  unbekannten Verursacher besch\u00e4digt. An dem schwarzen BMW entstand ein  Schaden von ca. 1000.- EUR. <\/p>\n\n\n\n<h4 class=\"wp-block-heading\">(Limburgerhof \/ Neuhofen) &#8211; Autofahrerin verursacht unter Medikamenteneinfluss einen Verkehrsunfall und fl\u00fcchtet<\/h4>\n\n\n\n<p>Mehrere Zeugen meldeten am 09.03.19 gg. 19.25 Uhr  eine  schlangenlinienfahrende Pkw-Fahrerin, die im Kreisverkehr in  Limburgerhof an der Neustadter Stra\u00dfe\/L 533 zun\u00e4chst gegen die  Begrenzungseinrichtung im Kreisel stie\u00df und anschlie\u00dfend nach Neuhofen   weiter fuhr. Den nachfolgenden Zeugen gelang es schlie\u00dflich die  Autofahrerin durch mehrfaches Hupen in der Dieselstra\u00dfe zum Anhalten zu  bewegen. Die eingetroffenen Polizeibeamten stellten eine  augenscheinliche Beeintr\u00e4chtigung bei der 27-j\u00e4hrigen Fahrerin aus dem  Rhein-Pfalz-Kreis fest, die vermutlich durch die Einnahme von  Medikamenten verursacht wurde. Im Fahrzeug befand sich noch deren  2-j\u00e4hrige Tochter. Der Frau wurde eine Blutprobe entnommen. Gegen sie  wird ein Strafverfahren wegen Verkehrsunfallflucht und  Stra\u00dfenverkehrsgef\u00e4hrdung eingeleitet. Das Kind wurde von der Oma  abgeholt. An dem Pkw und an der Begrenzungseinrichtung am Kreisel  entstand ein Schaden von ca. 4000.- EUR. <\/p>\n\n\n\n<h4 class=\"wp-block-heading\">(Neuhofen) &#8211; Carport und Pkw bei Brand besch\u00e4digt<\/h4>\n\n\n\n<p>Am 08.03.19, gg. 21.20 Uhr bemerkte ein Anwohner in der Ludwigshafener  Stra\u00dfe den Brand eines Carportes. Die alarmierte Feuerwehr Neuhofen  konnte den Brand schnell l\u00f6schen. Durch die Hitzeentwicklung wurde ein  im Carport abgestellter Pkw stark besch\u00e4digt. Es entstand ein Schaden  von 15.000 bis 20.000.- EUR. Da eine Brandstiftung nicht ausgeschlossen  werden konnte, \u00fcbernahm die Kriminalpolizei Ludwigshafen die weiteren  Ermittlungen. <\/p>\n\n\n\n<h4 class=\"wp-block-heading\">(Mutterstadt) &#8211; Trickdiebe erbeuten Handtasche aus Pkw<\/h4>\n\n\n\n<p>Am 09.03.19, gg. 18.30 Uhr hatte eine 77-j\u00e4hrige Frau aus Mutterstadt   ihren Einkauf beendet und wollte gerade in ihr auf dem Real-Parkplatz  abgestellten Pkw einsteigen, als sie von einem unbekannten Mann  angesprochen und befragt wurde, ob im Real-Markt Schuhe verkauft w\u00fcrden. W\u00e4hrend die Frau in ein kurzes Gespr\u00e4ch verwickelt wurde, nutzte eine  vermutlich zweite Person die Gelegenheit und entwendete aus dem  unverschlossenen Pkw die Handtasche der Frau, in der sich eine gr\u00f6\u00dfere Menge Bargeld befand.  <\/p>\n\n\n\n<p>Die Frau konnte den Mann wie folgt beschreiben:   <\/p>\n\n\n\n<ul><li>ca. 50 Jahre alt<\/li><li>ca. 170-175 cm gro\u00df<\/li><li>volles Haar<\/li><li>normale Statur<\/li><li> keine Brille<\/li><li>kein Bart<\/li><li>sprach akzentfreies Deutsch<\/li><\/ul>\n\n\n\n<h4 class=\"wp-block-heading\">(Schwegenheim) &#8211; \u00d6lspur<\/h4>\n\n\n\n<p>Ein Verkehrsteilnehmer verlor am Samstagvormittag im Bereich der  Speyerer Stra\u00dfe in Schwegenheim bis zur B272 in Fahrtrichtung Landau  aufgrund eines technischen Defekts Betriebsstoffe. Die \u00d6lspur zog sich  \u00fcber mehrere Kilometer durch die Ortschaft und wurde anschlie\u00dfend durch  die Stra\u00dfenmeisterei und eine Fachfirma beseitigt. Im Rahmen der  Stra\u00dfenreinigung kam es zu kurzzeitigen Verkehrsbeeintr\u00e4chtigungen. <\/p>\n\n\n\n<h4 class=\"wp-block-heading\">(Germersheim) &#8211; Verkehrsunfallfluchten<\/h4>\n\n\n\n<p>In der Nacht vom 08.03.2019 auf den 09.03.2019 kam es in der Bergstra\u00dfe  in Germersheim zu einer Verkehrsunfallflucht an einem am Stra\u00dfenrand  geparkten PKW. Hierbei entstand ein Streifschaden an der Fahrert\u00fcr in  H\u00f6he von ca. 500 Euro. <\/p>\n\n\n\n<p>Zu einer weiteren Verkehrsunfallflucht kam\n es in dieser Nacht in der Hans-Sachs-Stra\u00dfe. Hierbei wurde der \nAu\u00dfenspiegel eines ebenfalls geparkten PKW besch\u00e4digt. Der Sachschaden \nbetr\u00e4gt ca. 300 Euro. <\/p>\n\n\n\n<p>Zeugenhinweise nimmt die Polizeiinspektion Germersheim telefonisch unter 07274\/958-0 oder per Mail unter <a href=\"mailto:pigermersheim@polizei.rlp.de\">pigermersheim@polizei.rlp.de<\/a>  entgegen. <\/p>\n\n\n\n<h4 class=\"wp-block-heading\">(W\u00f6rth a.R.) &#8211; Zeche geprellt<\/h4>\n\n\n\n<p>Am 10.03.2019 gegen 00:45 Uhr fuhr ein Taxifahrer seinen  alkoholisierten Fahrgast nach Leimersheim. Am Zielort angekommen,  wollte dieser ohne zu bezahlen das Taxi verlassen, weil er der Meinung  war, bereits bezahlt zu haben. Daraufhin fuhr der Taxifahrer mit ihm zur  Polizei nach W\u00f6rth. Dort wurden die Personalien des mittlerweile  schlafenden Fahrgastes erhoben. Nun erwartet ihn eine Strafanzeige wegen  Bef\u00f6rderungserschleichung. <\/p>\n\n\n\n<h4 class=\"wp-block-heading\">(W\u00f6rth a.R.) &#8211; 3 Fahrten unter Drogeneinfluss<\/h4>\n\n\n\n<p>In der Nacht vom 09.03.2019 auf den 10.03.2019 standen bei drei  Verkehrskontrollen die jeweiligen Autofahrer unter Drogeneinfluss. Den  Fahrern wurde jeweils eine Blutprobe entnommen. In allen F\u00e4llen wurde  eine Strafanzeige wegen Trunkenheits im Verkehr eingeleitet. <\/p>\n\n\n\n<h4 class=\"wp-block-heading\">(W\u00f6rth a.R.) &#8211; Verkehrsunfall mit verletztem Kind<\/h4>\n\n\n\n<p>Am 09.03.2019 gegen 17:30 Uhr wurde bei einem Verkehrsunfall in W\u00f6rth  ein 4-j\u00e4hriges Kind leicht am Fu\u00df verletzt. Nachdem es auf der  gegen\u00fcberliegenden Stra\u00dfenseite eine Bekannte wiedererkannte, lief sie  unvermittelt auf die Stra\u00dfe. Trotz der umsichtigen Fahrweise des  Autofahrers konnte ein Zusammensto\u00df nicht verhindert werden. Das Kind  wurde noch am gleichen Tag aus der Klinik entlassen. <\/p>\n\n\n\n<h4 class=\"wp-block-heading\">(Edenkoben \/ A 65) &#8211;  Gef\u00e4hrdung des Verkehrs durch umherfliegende Folien<\/h4>\n\n\n\n<p>Immer wieder muss die Polizei Edenkoben wegen sturmbedingt  umherfliegender Folien ausr\u00fccken, um Schadensereignisse abwenden zu  k\u00f6nnen. Am Sonntag, 10.03.2019, gegen 13 Uhr, wurde die f\u00fcr die BAB 65  zust\u00e4ndige Polizeiinspektion Edenkoben informiert, dass zwischen den  Anschlussstellen Neustadt-Nord und S\u00fcd, Fahrtrichtung Karlsruhe, Folien  von den parallel zur BAB gelegenen Ackerfl\u00e4chen auf die Autobahn geweht  werden. Bei Eintreffen der Streife an besagter Stelle konnte die  beschriebene Situation vorgefunden werden. Je nach Windst\u00e4rke und  -richtung wurde eine Ackerfolie \u00fcber den Seitenstreifen auf den rechten  Fahrstreifen der Autobahn geweht. Die entsprechende Folie konnte von den  eingesetzten Beamten zur Seite ger\u00e4umt werden. Wegen der Vielzahl der  weiteren, auf dem betreffenden Ackergel\u00e4nde befindlichen Folien, war es  den eingesetzten Polizeibeamten nicht m\u00f6glich, alle Folien zu  beseitigen. \u00dcber den Bereitschaftsdienst der Autobahnmeisterei musste  f\u00fcr den betreffenden Streckenabschnitt eine Geschwindigkeitsbegrenzung  aufgestellt werden. <\/p>\n\n\n\n<p>Autofahrer, welche durch die umherfliegende  Folie gef\u00e4hrdet oder gesch\u00e4digt wurden, werden gebeten, sich mit der  Polizei in Edenkoben in Verbindung zu setzen (Telefon: 06323-955-0 oder <a href=\"mailto:piedenkoben@polizei.rlp.de\">piedenkoben@polizei.rlp.de<\/a>) <\/p>\n\n\n\n<h4 class=\"wp-block-heading\">(Neustadt \/ Wstr.) &#8211; Randalierer beleidigt Polizeibeamte und leistet Widerstand<\/h4>\n\n\n\n<p>Nachdem es Mitteilungen \u00fcber Personen gab, von denen zumindest eine  gegen diverse Gegenst\u00e4nde trat, wurden diese am Sonntagmorgen  (10.03.2019), gg. 02.00 h, durch die Polizei einer Kontrolle unterzogen.  Eine der beiden hier kontrollierten Personen begann bei der Kontrolle  direkt die Polizeibeamten aufs \u00dcbelste zu beleidigen, weswegen auch die  Identit\u00e4t festgestellt werden sollte. Erst nach mehrfacher Aufforderung  holte der 29j\u00e4hrige seinen F\u00fchrerschein aus seinem Geldbeutel, warf  diesen einem der Polizeibeamten ins Gesicht und hob seinen Arm um  offenbar zu einem Schlag auszuholen. Daraufhin wurde der Mann zu Boden  gebracht, gefesselt und in Gewahrsam genommen. Dem alkoholisierten Mann  wurde eine Blutprobe entnommen; anschlie\u00dfend durfte er seinen Rausch in  einer Zelle ausschlafen. <\/p>\n\n\n\n<h4 class=\"wp-block-heading\">(Neustadt \/ Wstr.) &#8211; Parkplatzsuche endet mit Strafanzeigen und Verkehrsunfall<\/h4>\n\n\n\n<p>Das Aufeinandertreffen von zwei Verkehrsteilnehmern, die zeitgleich  an  einer freien Parkl\u00fccke im Neustadter Innenstadtbereich interessiert  waren, f\u00fchrte am Samstagabend (09.03.2019), kurz nach 22.00 h, zu einem  Polizeieinsatz in der Exterstra\u00dfe. Die beiden sp\u00e4teren Kontrahenten  wendeten nach Erkennen der freien Parkm\u00f6glichkeit auf der  gegen\u00fcberliegenden Fahrbahnseite zun\u00e4chst ihre Fahrzeuge, um in die  Parkl\u00fccke Einfahren zu k\u00f6nnen. Eine 34j\u00e4hrige VW-F\u00fchrerin reduzierte  ihre Geschwindigkeit, um in den begehrten Parkplatz vorw\u00e4rts  einzufahren, als sie der 24j\u00e4hrige BMW-Fahrer \u00fcberholte und  beabsichtigte r\u00fcckw\u00e4rts in die Parkl\u00fccke zu fahren. Die Neustadterin war  jedoch schneller in der Parkl\u00fccke. Daraufhin kochten die Gem\u00fcter der  Fahrzeugf\u00fchrer hoch, weswegen die Polizei informiert wurde. Beide  Fahrzeugf\u00fchrer bezichtigten sich gegenseitigen N\u00f6tigungen, weswegen  gegen beide Strafanzeigen aufgenommen wurden. Im weiteren Verlauf wurde  bekannt, dass die Neustadterin wohl beim noch erforderlichen Rangieren  in der Parkl\u00fccke \u00fcber den Bordstein geriet und hier mit ihrem Pkw leicht  gegen das Knie einer auf dem Gehweg stehenden 19j\u00e4hrigen gesto\u00dfen sein  soll, weswegen auch ein Verkehrsunfall aufgenommen wurde. <\/p>\n\n\n\n<h4 class=\"wp-block-heading\">(Frankenthal) &#8211;  Verkehrsunfall mit Flucht<\/h4>\n\n\n\n<p>Am 09.03.2019 zwischen 13:30Uhr und 13:50Uhr parkt ein 26j\u00e4hriger  Frankenthaler seinen PKW in der Kanalstra\u00dfe, vor der Hausnummer 11, in  Frankenthal. Der in L\u00e4ngsaufstellung ordnungsgem\u00e4\u00df parkende PKW wird  w\u00e4hrend der Abwesenheit des Fahrers durch einen Verkehrsteilnehmer  besch\u00e4digt. Ohne sich um die Regulierung des Schadens zu k\u00fcmmern,  entfernt sich der  Verursacher entfernt unerlaubt von Unfallstelle. Am  parkenden Fahrzeug entstand ein Sachschaden in H\u00f6he von sch\u00e4tzungsweise  200EUR. <\/p>\n\n\n\n<p>Die Polizei weist nochmals darauf hin, dass es sich bei \neiner Verkehrsunfallflucht keinesfalls um ein Kavaliersdelikt handelt. \nEine Unfallflucht ist eine Straftat, \u00e4hnlich einem Diebstahl oder einer \nK\u00f6rperverletzung. \u00a7 142 des Strafgesetzbuches sieht f\u00fcr eine \nUnfallflucht eine Geldstrafe oder sogar eine Freiheitsstrafe bis zu drei\n Jahre vor. <\/p>\n\n\n\n<p>In vielen F\u00e4llen bleiben die Gesch\u00e4digten auf ihren  Kosten sitzen. Es k\u00f6nnte auch Ihr Auto treffen. Helfen Sie uns,  Unfallopfern zu helfen. Wenn Sie Zeuge einer Unfallflucht werden,  notieren Sie das Kennzeichen oder machen Sie ein Foto mit Ihrem Handy.  Verst\u00e4ndigen Sie auf jeden Fall die Polizei. Wer sachdienliche Hinweise  zu dem genannten Fall geben kann, wird gebeten sich mit der  Polizeiinspektion Frankenthal unter der Rufnummer 06233\/313-0 in  Verbindung zu setzen. Hinweise k\u00f6nnen auch per E-Mail unter <a href=\"mailto:pifrankenthal@polizei.rlp.de\">pifrankenthal@polizei.rlp.de<\/a> an die Polizei \u00fcbermittelt werden. <\/p>\n\n\n\n<h4 class=\"wp-block-heading\">(Bobenheim-Roxheim) &#8211; Sachbesch\u00e4digung am Silbersee<\/h4>\n\n\n\n<p>Vom 08.03. auf den 09.03.2019 ist ein Steg des Wassersportvereins  Roxheim, am Silbersee in Bobenheim- Roxheim durch unbekannte Personen  besch\u00e4digt worden. Die Bretter des Steges wurden mutwillig  herausgerissen und f\u00fcr ein Lagerfeuer verwendet. Der entstandene  Sachschaden betr\u00e4gt etwa 500EUR. <\/p>\n\n\n\n<p>Wer sachdienliche Hinweise zu  dem genannten Fall geben kann, wird gebeten sich mit der  Polizeiinspektion Frankenthal unter der Rufnummer 06233\/313-0 in  Verbindung zu setzen. Hinweise k\u00f6nnen auch per E-Mail unter <a href=\"mailto:pifrankenthal@polizei.rlp.de\">pifrankenthal@polizei.rlp.de<\/a> an die Polizei \u00fcbermittelt werden. <\/p>\n\n\n\n<h4 class=\"wp-block-heading\">(Mannheim-Innenstadt) &#8211; Brennende Abluftanlage in Schnellimbiss<\/h4>\n\n\n\n<p>Am Sonntagmittag, gegen 12.45 Uhr, geriet aus bislang unbekannter  Ursache eine Abluftanlage in einem Schnellimbiss am Kaiserring in Brand.  Der Betreiber und die G\u00e4ste konnten den Imbiss unverletzt verlassen.  Der Brand konnte durch die Feuerwehr schnell gel\u00f6scht werden. Die H\u00f6he  des entstandenen Sachschadens kann noch nicht beziffert werden. Das  Polizeirevier Mannheim-Oststadt hat die Ermittlungen aufgenommen. <\/p>\n\n\n\n<h4 class=\"wp-block-heading\">(Wiesloch \/ Rhein-Neckar-Kreis) &#8211; Frau bei Verkehrsunfall verletzt<\/h4>\n\n\n\n<p>Verletzt wurde eine 83 j\u00e4hrige Frau aus Wiesloch bei einem  Verkehrsunfall am 09.03.2019 gegen 10:20 Uhr in der Hauptstra\u00dfe 163. Ein  52 j\u00e4hriger Pkw-Lenker aus Walldorf \u00fcbersah beim Ausfahren aus einem  Parkplatz die ordnungsgem\u00e4\u00df mit ihrem Kleinwagen fahrende Frau und  kollidierte mit dieser. Durch den Zusammensto\u00df wurde das Fahrzeug der  Frau gegen eine Stra\u00dfenlaterne geschleudert. Die Frau erlitt dabei  verschiedene Prellungen und musste mit einem Rettungswagen in ein  Krankenhaus eingeliefert werden. Der Unfallverursacher blieb unverletzt.  Durch den Unfall entstand ein Sachschaden von ca. 10.000 Euro. <\/p>\n","protected":false},"excerpt":{"rendered":"<div class=\"mh-excerpt\"><p>Polizeimeldungen vom Sonntag (10.3.2019) (Speyer \/ RheinlandPfalz \/ BadenW\u00fcrttemberg) &#8211; Aktuelle Unwetterlage 10.03.2019 Aufgrund der momentanen Unwetterlage kommt es im Stadtgebiet Speyer zu vermehrt umst\u00fcrzenden B\u00e4umen und herunterfallenden Ziegeln. \u00dcber Katwarn wurde soeben eine Warnmeldung <a class=\"mh-excerpt-more\" href=\"https:\/\/speyer24news.com\/?p=9999\" title=\"Polizeimeldungen\">[&#8230;]<\/a><\/p>\n<\/div>","protected":false},"author":3,"featured_media":0,"comment_status":"open","ping_status":"open","sticky":false,"template":"","format":"standard","meta":{"_monsterinsights_skip_tracking":false,"_monsterinsights_sitenote_active":false,"_monsterinsights_sitenote_note":"","_monsterinsights_sitenote_category":0,"footnotes":""},"categories":[12],"tags":[167,220,225,60,210,221,56,63,105,222,202,59,102,106,223,6,219,226,224],"aioseo_notices":[],"amp_enabled":true,"_links":{"self":[{"href":"https:\/\/speyer24news.com\/index.php?rest_route=\/wp\/v2\/posts\/9999"}],"collection":[{"href":"https:\/\/speyer24news.com\/index.php?rest_route=\/wp\/v2\/posts"}],"about":[{"href":"https:\/\/speyer24news.com\/index.php?rest_route=\/wp\/v2\/types\/post"}],"author":[{"embeddable":true,"href":"https:\/\/speyer24news.com\/index.php?rest_route=\/wp\/v2\/users\/3"}],"replies":[{"embeddable":true,"href":"https:\/\/speyer24news.com\/index.php?rest_route=%2Fwp%2Fv2%2Fcomments&post=9999"}],"version-history":[{"count":1,"href":"https:\/\/speyer24news.com\/index.php?rest_route=\/wp\/v2\/posts\/9999\/revisions"}],"predecessor-version":[{"id":10000,"href":"https:\/\/speyer24news.com\/index.php?rest_route=\/wp\/v2\/posts\/9999\/revisions\/10000"}],"wp:attachment":[{"href":"https:\/\/speyer24news.com\/index.php?rest_route=%2Fwp%2Fv2%2Fmedia&parent=9999"}],"wp:term":[{"taxonomy":"category","embeddable":true,"href":"https:\/\/speyer24news.com\/index.php?rest_route=%2Fwp%2Fv2%2Fcategories&post=9999"},{"taxonomy":"post_tag","embeddable":true,"href":"https:\/\/speyer24news.com\/index.php?rest_route=%2Fwp%2Fv2%2Ftags&post=9999"}],"curies":[{"name":"wp","href":"https:\/\/api.w.org\/{rel}","templated":true}]}}